{"id":13409,"date":"2025-04-03T13:52:17","date_gmt":"2025-04-03T16:52:17","guid":{"rendered":"https:\/\/prefeitura.santarosa.rs.gov.br\/?p=13409"},"modified":"2025-04-03T13:56:47","modified_gmt":"2025-04-03T16:56:47","slug":"nova-obra-de-asfalto-para-o-bairro-timbauva","status":"publish","type":"post","link":"https:\/\/prefeitura.santarosa.rs.gov.br\/?p=13409","title":{"rendered":"Nova obra de asfalto para o Bairro Timba\u00fava"},"content":{"rendered":"\n<figure class=\"wp-block-image size-full\"><img fetchpriority=\"high\" decoding=\"async\" width=\"860\" height=\"645\" src=\"https:\/\/prefeitura.santarosa.rs.gov.br\/wp-content\/uploads\/2025\/04\/Formato-Site-e-Portal-860X645-JPG-2025-04-03T135017.260.jpg\" alt=\"\" class=\"wp-image-13410\" srcset=\"https:\/\/prefeitura.santarosa.rs.gov.br\/wp-content\/uploads\/2025\/04\/Formato-Site-e-Portal-860X645-JPG-2025-04-03T135017.260.jpg 860w, https:\/\/prefeitura.santarosa.rs.gov.br\/wp-content\/uploads\/2025\/04\/Formato-Site-e-Portal-860X645-JPG-2025-04-03T135017.260-300x225.jpg 300w, https:\/\/prefeitura.santarosa.rs.gov.br\/wp-content\/uploads\/2025\/04\/Formato-Site-e-Portal-860X645-JPG-2025-04-03T135017.260-768x576.jpg 768w\" sizes=\"(max-width: 860px) 100vw, 860px\" \/><\/figure>\n\n\n\n<p><\/p>\n\n\n\n<p>Nesta semana, o Prefeito Anderson Mantei assinou a ordem de in\u00edcio para a pavimenta\u00e7\u00e3o asf\u00e1ltica da Rua Arthur Ambros, localizada no Bairro Timba\u00fava. O projeto contempla uma \u00e1rea de 1.713,07 metros quadrados, abrangendo o trecho entre a Rua Dr. Francisco Timm e a Rua Roberto Jess\u00e9. Mais de R$ 340 mil ser\u00e3o investidos no local.<\/p>\n\n\n\n<p>Al\u00e9m da pavimenta\u00e7\u00e3o asf\u00e1ltica, o projeto inclui uma s\u00e9rie de servi\u00e7os complementares, como a execu\u00e7\u00e3o de drenagem pluvial, constru\u00e7\u00e3o de sarjetas e meios-fios em concreto, nivelamento de tampas da Aegea\/Corsan, instala\u00e7\u00e3o de rampas de acessibilidade e a devida sinaliza\u00e7\u00e3o horizontal e vertical. O Prefeito Anderson Mantei destacou a import\u00e2ncia da obra para o bairro Timba\u00fava, enfatizando o compromisso da gest\u00e3o em melhorar a infraestrutura da cidade, \u201cEstamos atendendo a uma demanda da comunidade e implementando melhorias essenciais para a mobilidade e seguran\u00e7a dos moradores\u201d.<\/p>\n\n\n\n<p>A pavimenta\u00e7\u00e3o da Rua Arthur Ambros foi uma indica\u00e7\u00e3o da vereadora Cl\u00e9o Brinhol. O prazo para conclus\u00e3o da obra \u00e9 de 150 dias, conforme o contrato. Al\u00e9m deste projeto, outras obras de pavimenta\u00e7\u00e3o est\u00e3o em execu\u00e7\u00e3o no bairro, como as da Rua Chico Mendes e da Rua Gerson Lunardi.<\/p>\n","protected":false},"excerpt":{"rendered":"<p>Nesta semana, o Prefeito Anderson Mantei assinou a ordem de in\u00edcio para a pavimenta\u00e7\u00e3o asf\u00e1ltica da Rua Arthur Ambros, localizada<\/p>\n","protected":false},"author":12,"featured_media":13411,"comment_status":"closed","ping_status":"closed","sticky":false,"template":"","format":"standard","meta":{"footnotes":""},"categories":[4,22],"tags":[],"class_list":["post-13409","post","type-post","status-publish","format-standard","has-post-thumbnail","hentry","category-noticias","category-secretaria-municipal-de-planejamento-e-habitacao"],"aioseo_notices":[],"_links":{"self":[{"href":"https:\/\/prefeitura.santarosa.rs.gov.br\/index.php?rest_route=\/wp\/v2\/posts\/13409","targetHints":{"allow":["GET"]}}],"collection":[{"href":"https:\/\/prefeitura.santarosa.rs.gov.br\/index.php?rest_route=\/wp\/v2\/posts"}],"about":[{"href":"https:\/\/prefeitura.santarosa.rs.gov.br\/index.php?rest_route=\/wp\/v2\/types\/post"}],"author":[{"embeddable":true,"href":"https:\/\/prefeitura.santarosa.rs.gov.br\/index.php?rest_route=\/wp\/v2\/users\/12"}],"replies":[{"embeddable":true,"href":"https:\/\/prefeitura.santarosa.rs.gov.br\/index.php?rest_route=%2Fwp%2Fv2%2Fcomments&post=13409"}],"version-history":[{"count":2,"href":"https:\/\/prefeitura.santarosa.rs.gov.br\/index.php?rest_route=\/wp\/v2\/posts\/13409\/revisions"}],"predecessor-version":[{"id":13414,"href":"https:\/\/prefeitura.santarosa.rs.gov.br\/index.php?rest_route=\/wp\/v2\/posts\/13409\/revisions\/13414"}],"wp:featuredmedia":[{"embeddable":true,"href":"https:\/\/prefeitura.santarosa.rs.gov.br\/index.php?rest_route=\/wp\/v2\/media\/13411"}],"wp:attachment":[{"href":"https:\/\/prefeitura.santarosa.rs.gov.br\/index.php?rest_route=%2Fwp%2Fv2%2Fmedia&parent=13409"}],"wp:term":[{"taxonomy":"category","embeddable":true,"href":"https:\/\/prefeitura.santarosa.rs.gov.br\/index.php?rest_route=%2Fwp%2Fv2%2Fcategories&post=13409"},{"taxonomy":"post_tag","embeddable":true,"href":"https:\/\/prefeitura.santarosa.rs.gov.br\/index.php?rest_route=%2Fwp%2Fv2%2Ftags&post=13409"}],"curies":[{"name":"wp","href":"https:\/\/api.w.org\/{rel}","templated":true}]}}