{"id":13402,"date":"2025-04-02T17:19:12","date_gmt":"2025-04-02T20:19:12","guid":{"rendered":"https:\/\/prefeitura.santarosa.rs.gov.br\/?p=13402"},"modified":"2025-04-03T08:10:57","modified_gmt":"2025-04-03T11:10:57","slug":"prefeitura-inicia-nova-obra-de-pavimentacao-asfaltica-na-rua-das-missoes","status":"publish","type":"post","link":"https:\/\/prefeitura.santarosa.rs.gov.br\/?p=13402","title":{"rendered":"Prefeitura inicia nova obra de pavimenta\u00e7\u00e3o asf\u00e1ltica na Rua das Miss\u00f5es"},"content":{"rendered":"\n<figure class=\"wp-block-image size-full\"><img fetchpriority=\"high\" decoding=\"async\" width=\"860\" height=\"645\" src=\"https:\/\/prefeitura.santarosa.rs.gov.br\/wp-content\/uploads\/2025\/04\/Formato-Site-e-Portal-860X645-JPG-2025-04-02T171247.682.jpg\" alt=\"\" class=\"wp-image-13403\" srcset=\"https:\/\/prefeitura.santarosa.rs.gov.br\/wp-content\/uploads\/2025\/04\/Formato-Site-e-Portal-860X645-JPG-2025-04-02T171247.682.jpg 860w, https:\/\/prefeitura.santarosa.rs.gov.br\/wp-content\/uploads\/2025\/04\/Formato-Site-e-Portal-860X645-JPG-2025-04-02T171247.682-300x225.jpg 300w, https:\/\/prefeitura.santarosa.rs.gov.br\/wp-content\/uploads\/2025\/04\/Formato-Site-e-Portal-860X645-JPG-2025-04-02T171247.682-768x576.jpg 768w\" sizes=\"(max-width: 860px) 100vw, 860px\" \/><\/figure>\n\n\n\n<p>A Prefeitura de Santa Rosa deu in\u00edcio aos servi\u00e7os de pavimenta\u00e7\u00e3o asf\u00e1ltica na Rua das Miss\u00f5es, no Centro. O objetivo \u00e9 melhorar a infraestrutura e a mobilidade urbana da cidade. O projeto contempla um trecho de 149,63 metros lineares, abrangendo uma \u00e1rea total de 1.943,69 metros quadrados, localizado entre a Rua Castelo Branco e a Rua S\u00e3o Miguel. Mais de R$ 340 mil, ser\u00e3o investidos no local.<\/p>\n\n\n\n<p>Al\u00e9m da pavimenta\u00e7\u00e3o asf\u00e1ltica, ser\u00e3o realizados servi\u00e7os complementares de drenagem pluvial, instala\u00e7\u00e3o de sarjeta e meio-fio em concreto, execu\u00e7\u00e3o de rampas de acessibilidade, nivelamento de tampas da Aegea\/Corsan e a sinaliza\u00e7\u00e3o horizontal e vertical. O Prefeito Anderson Mantei destacou que o projeto busca garantir mais seguran\u00e7a e conforto para os moradores e motoristas que utilizam a via, \u201cEsta obra faz parte de um conjunto de a\u00e7\u00f5es planejadas para promover melhorias significativas na nossa cidade. O asfalto da Rua das Miss\u00f5es vai beneficiar n\u00e3o apenas os moradores, mas toda a comunidade que trafega por essa regi\u00e3o\u201d.<\/p>\n\n\n\n<p>O prazo estipulado para a conclus\u00e3o dos trabalhos \u00e9 de 120 dias, conforme o contrato.<\/p>\n","protected":false},"excerpt":{"rendered":"<p>A Prefeitura de Santa Rosa deu in\u00edcio aos servi\u00e7os de pavimenta\u00e7\u00e3o asf\u00e1ltica na Rua das Miss\u00f5es, no Centro. O objetivo<\/p>\n","protected":false},"author":12,"featured_media":13404,"comment_status":"closed","ping_status":"closed","sticky":false,"template":"","format":"standard","meta":{"footnotes":""},"categories":[4,22],"tags":[],"class_list":["post-13402","post","type-post","status-publish","format-standard","has-post-thumbnail","hentry","category-noticias","category-secretaria-municipal-de-planejamento-e-habitacao"],"aioseo_notices":[],"_links":{"self":[{"href":"https:\/\/prefeitura.santarosa.rs.gov.br\/index.php?rest_route=\/wp\/v2\/posts\/13402","targetHints":{"allow":["GET"]}}],"collection":[{"href":"https:\/\/prefeitura.santarosa.rs.gov.br\/index.php?rest_route=\/wp\/v2\/posts"}],"about":[{"href":"https:\/\/prefeitura.santarosa.rs.gov.br\/index.php?rest_route=\/wp\/v2\/types\/post"}],"author":[{"embeddable":true,"href":"https:\/\/prefeitura.santarosa.rs.gov.br\/index.php?rest_route=\/wp\/v2\/users\/12"}],"replies":[{"embeddable":true,"href":"https:\/\/prefeitura.santarosa.rs.gov.br\/index.php?rest_route=%2Fwp%2Fv2%2Fcomments&post=13402"}],"version-history":[{"count":2,"href":"https:\/\/prefeitura.santarosa.rs.gov.br\/index.php?rest_route=\/wp\/v2\/posts\/13402\/revisions"}],"predecessor-version":[{"id":13408,"href":"https:\/\/prefeitura.santarosa.rs.gov.br\/index.php?rest_route=\/wp\/v2\/posts\/13402\/revisions\/13408"}],"wp:featuredmedia":[{"embeddable":true,"href":"https:\/\/prefeitura.santarosa.rs.gov.br\/index.php?rest_route=\/wp\/v2\/media\/13404"}],"wp:attachment":[{"href":"https:\/\/prefeitura.santarosa.rs.gov.br\/index.php?rest_route=%2Fwp%2Fv2%2Fmedia&parent=13402"}],"wp:term":[{"taxonomy":"category","embeddable":true,"href":"https:\/\/prefeitura.santarosa.rs.gov.br\/index.php?rest_route=%2Fwp%2Fv2%2Fcategories&post=13402"},{"taxonomy":"post_tag","embeddable":true,"href":"https:\/\/prefeitura.santarosa.rs.gov.br\/index.php?rest_route=%2Fwp%2Fv2%2Ftags&post=13402"}],"curies":[{"name":"wp","href":"https:\/\/api.w.org\/{rel}","templated":true}]}}