{"id":1340,"date":"2021-06-24T15:45:00","date_gmt":"2021-06-24T18:45:00","guid":{"rendered":"https:\/\/prefeitura.santarosa.rs.gov.br\/?p=1340"},"modified":"2024-10-07T09:55:01","modified_gmt":"2024-10-07T12:55:01","slug":"prefeito-se-reune-com-governador","status":"publish","type":"post","link":"https:\/\/prefeitura.santarosa.rs.gov.br\/?p=1340","title":{"rendered":"Prefeito se re\u00fane com Governador"},"content":{"rendered":"\n<p>Na oportunidade participou do lan\u00e7amento do Programa Iconicidades.<\/p>\n\n\n\n<p>O Prefeito Anderson mantei esteve em Porto Alegre nessa semana. Na oportunidade participou do lan\u00e7amento do Programa Iconicidades. A ideia \u00e9 unir economia criativa e patrim\u00f4nio arquitet\u00f4nico, com foco em ressignificar espa\u00e7os ic\u00f4nicos para criar ecossistemas criativos e novos neg\u00f3cios.<br>Tornar as cidades ga\u00fachas mais empreendedoras, inovadoras e criativas e estimular a retomada e a revitaliza\u00e7\u00e3o de espa\u00e7os arquitet\u00f4nicos simb\u00f3licos para estabelecimento desses novos neg\u00f3cios. Esses s\u00e3o os principais objetivos do projeto Iconicidades, lan\u00e7ado pelo governo do Estado nesta semana. A ideia \u00e9 identificar e revitalizar arquiteturas simb\u00f3licas em todo o Rio Grande do Sul, dando a elas um novo sentido, al\u00e9m de estimular a inova\u00e7\u00e3o e a economia baseadas no capital intelectual, contribuindo para criar ecossistemas criativos e que estimulem novos empreendimentos.<br>Neste primeiro momento, um chamamento p\u00fablico aos munic\u00edpios coletar\u00e1 candidaturas que ser\u00e3o avaliadas por uma comiss\u00e3o t\u00e9cnica que poder\u00e1 contar com representantes de organiza\u00e7\u00f5es da sociedade civil e entidades. As cinco propostas de locais mais bem avaliadas contar\u00e3o com apoio do Estado para a elabora\u00e7\u00e3o dos projetos conceitual, executivo e de viabilidade.<br>Ainda nesta segunda-feira (21\/6), o governo do Estado lan\u00e7ou o programa Pavimenta, cuja inten\u00e7\u00e3o \u00e9 firmar parcerias entre Estado e munic\u00edpios para o incremento e a qualifica\u00e7\u00e3o da infraestrutura rodovi\u00e1ria das cidades. Por meio do Pavimenta, o Estado prestar\u00e1 apoio aos munic\u00edpios de duas formas. A primeira \u00e9 no desenvolvimento de projetos de engenharia de infraestrutura rodovi\u00e1ria. Uma segunda possibilidade \u00e9 a an\u00e1lise da viabilidade t\u00e9cnica de propostas existentes, que pode dar lugar a conv\u00eanios para a realiza\u00e7\u00e3o de investimentos nas obras selecionadas \u2013 mediante contrapartidas dos munic\u00edpios.<br>Santa Rosa vai participar de ambos os projetos, segundo o Prefeito Anderson Mantei, \u201cTemos interesse em ambos os projetos, pois temos grande preocupa\u00e7\u00e3o com a preserva\u00e7\u00e3o dos espa\u00e7os arquitet\u00f4nicos e com a cultura, e tamb\u00e9m com novos projetos para a qualifica\u00e7\u00e3o da nossa infraestrutura que \u00e9 fundamental para o desenvolvimento\u201d. Os dois programas fazem parte do Avan\u00e7ar, programa transversal que passa a envolver as iniciativas com as quais o governo do Rio Grande do Sul pretende acelerar o crescimento econ\u00f4mico e incrementar a qualidade da presta\u00e7\u00e3o de servi\u00e7os \u00e0 popula\u00e7\u00e3o.<\/p>\n","protected":false},"excerpt":{"rendered":"<p>Na oportunidade participou do lan\u00e7amento do Programa Iconicidades. O Prefeito Anderson mantei esteve em Porto Alegre nessa semana. Na oportunidade<\/p>\n","protected":false},"author":3,"featured_media":1341,"comment_status":"open","ping_status":"open","sticky":false,"template":"","format":"standard","meta":{"footnotes":""},"categories":[4,3],"tags":[],"class_list":["post-1340","post","type-post","status-publish","format-standard","has-post-thumbnail","hentry","category-noticias","category-gabinete-do-prefeito"],"aioseo_notices":[],"_links":{"self":[{"href":"https:\/\/prefeitura.santarosa.rs.gov.br\/index.php?rest_route=\/wp\/v2\/posts\/1340","targetHints":{"allow":["GET"]}}],"collection":[{"href":"https:\/\/prefeitura.santarosa.rs.gov.br\/index.php?rest_route=\/wp\/v2\/posts"}],"about":[{"href":"https:\/\/prefeitura.santarosa.rs.gov.br\/index.php?rest_route=\/wp\/v2\/types\/post"}],"author":[{"embeddable":true,"href":"https:\/\/prefeitura.santarosa.rs.gov.br\/index.php?rest_route=\/wp\/v2\/users\/3"}],"replies":[{"embeddable":true,"href":"https:\/\/prefeitura.santarosa.rs.gov.br\/index.php?rest_route=%2Fwp%2Fv2%2Fcomments&post=1340"}],"version-history":[{"count":1,"href":"https:\/\/prefeitura.santarosa.rs.gov.br\/index.php?rest_route=\/wp\/v2\/posts\/1340\/revisions"}],"predecessor-version":[{"id":1342,"href":"https:\/\/prefeitura.santarosa.rs.gov.br\/index.php?rest_route=\/wp\/v2\/posts\/1340\/revisions\/1342"}],"wp:featuredmedia":[{"embeddable":true,"href":"https:\/\/prefeitura.santarosa.rs.gov.br\/index.php?rest_route=\/wp\/v2\/media\/1341"}],"wp:attachment":[{"href":"https:\/\/prefeitura.santarosa.rs.gov.br\/index.php?rest_route=%2Fwp%2Fv2%2Fmedia&parent=1340"}],"wp:term":[{"taxonomy":"category","embeddable":true,"href":"https:\/\/prefeitura.santarosa.rs.gov.br\/index.php?rest_route=%2Fwp%2Fv2%2Fcategories&post=1340"},{"taxonomy":"post_tag","embeddable":true,"href":"https:\/\/prefeitura.santarosa.rs.gov.br\/index.php?rest_route=%2Fwp%2Fv2%2Ftags&post=1340"}],"curies":[{"name":"wp","href":"https:\/\/api.w.org\/{rel}","templated":true}]}}