{"id":13398,"date":"2025-04-02T17:10:38","date_gmt":"2025-04-02T20:10:38","guid":{"rendered":"https:\/\/prefeitura.santarosa.rs.gov.br\/?p=13398"},"modified":"2025-04-02T17:10:39","modified_gmt":"2025-04-02T20:10:39","slug":"obra-da-praca-de-cruzeiro-esta-na-fase-final-de-execucao","status":"publish","type":"post","link":"https:\/\/prefeitura.santarosa.rs.gov.br\/?p=13398","title":{"rendered":"Obra da Pra\u00e7a de Cruzeiro est\u00e1 na fase final de execu\u00e7\u00e3o"},"content":{"rendered":"\n<figure class=\"wp-block-image size-full\"><img fetchpriority=\"high\" decoding=\"async\" width=\"860\" height=\"645\" src=\"https:\/\/prefeitura.santarosa.rs.gov.br\/wp-content\/uploads\/2025\/04\/Formato-Site-e-Portal-860X645-JPG-2025-04-02T170548.960.jpg\" alt=\"\" class=\"wp-image-13399\" srcset=\"https:\/\/prefeitura.santarosa.rs.gov.br\/wp-content\/uploads\/2025\/04\/Formato-Site-e-Portal-860X645-JPG-2025-04-02T170548.960.jpg 860w, https:\/\/prefeitura.santarosa.rs.gov.br\/wp-content\/uploads\/2025\/04\/Formato-Site-e-Portal-860X645-JPG-2025-04-02T170548.960-300x225.jpg 300w, https:\/\/prefeitura.santarosa.rs.gov.br\/wp-content\/uploads\/2025\/04\/Formato-Site-e-Portal-860X645-JPG-2025-04-02T170548.960-768x576.jpg 768w\" sizes=\"(max-width: 860px) 100vw, 860px\" \/><\/figure>\n\n\n\n<p>A obra de revitaliza\u00e7\u00e3o da Pra\u00e7a de Cruzeiro est\u00e1 na fase final de execu\u00e7\u00e3o, com 80% do projeto conclu\u00eddo. O investimento \u00e9 superior a R$ 1,4 milh\u00e3o de recursos pr\u00f3prios do munic\u00edpio. A obra contempla a reforma dos passeios, novos sanit\u00e1rios, instala\u00e7\u00f5es el\u00e9tricas, ilumina\u00e7\u00e3o em LED, plantio de grama, execu\u00e7\u00e3o de pisos e a constru\u00e7\u00e3o de um parquinho.<\/p>\n\n\n\n<p>Atualmente, as equipes est\u00e3o focadas na finaliza\u00e7\u00e3o dos servi\u00e7os, incluindo os arremates finais, pintura dos pisos, pintura externa do gin\u00e1sio Pedro Deon, plantio de grama, conclus\u00e3o dos novos banheiros e limpeza final. A moradora do bairro Cruzeiro, Lourdes Mergen, que reside na regi\u00e3o h\u00e1 53 anos, expressou sua satisfa\u00e7\u00e3o com as melhorias realizadas, &#8220;Como moradora do bairro e que usufrui desse espa\u00e7o da pra\u00e7a, estou realizada, est\u00e1 ficando linda e maravilhosa, com tudo aquilo que nossa comunidade precisa para os momentos de lazer&#8221;.<\/p>\n\n\n\n<p>O projeto foi doado pela Associa\u00e7\u00e3o Profissional de Engenheiros e Arquitetos (APEA), por meio das arquitetas Luciana Locatelli e Vanessa Eidt. O prefeito Anderson Mantei ressaltou a import\u00e2ncia da revitaliza\u00e7\u00e3o para a comunidade local, &#8220;Estamos pr\u00f3ximos de concluir essa obra que traz mais infraestrutura e seguran\u00e7a para o Bairro Cruzeiro. Al\u00e9m dessa, v\u00e1rias outras pra\u00e7as e parques do munic\u00edpio est\u00e3o sendo revitalizados, garantindo espa\u00e7os adequados para o lazer e conviv\u00eancia de todos&#8221;. A Pra\u00e7a de Cruzeiro fica localizada na Avenida Flores da Cunha.<\/p>\n","protected":false},"excerpt":{"rendered":"<p>A obra de revitaliza\u00e7\u00e3o da Pra\u00e7a de Cruzeiro est\u00e1 na fase final de execu\u00e7\u00e3o, com 80% do projeto conclu\u00eddo. O<\/p>\n","protected":false},"author":12,"featured_media":13400,"comment_status":"closed","ping_status":"closed","sticky":false,"template":"","format":"standard","meta":{"footnotes":""},"categories":[4,22],"tags":[],"class_list":["post-13398","post","type-post","status-publish","format-standard","has-post-thumbnail","hentry","category-noticias","category-secretaria-municipal-de-planejamento-e-habitacao"],"aioseo_notices":[],"_links":{"self":[{"href":"https:\/\/prefeitura.santarosa.rs.gov.br\/index.php?rest_route=\/wp\/v2\/posts\/13398","targetHints":{"allow":["GET"]}}],"collection":[{"href":"https:\/\/prefeitura.santarosa.rs.gov.br\/index.php?rest_route=\/wp\/v2\/posts"}],"about":[{"href":"https:\/\/prefeitura.santarosa.rs.gov.br\/index.php?rest_route=\/wp\/v2\/types\/post"}],"author":[{"embeddable":true,"href":"https:\/\/prefeitura.santarosa.rs.gov.br\/index.php?rest_route=\/wp\/v2\/users\/12"}],"replies":[{"embeddable":true,"href":"https:\/\/prefeitura.santarosa.rs.gov.br\/index.php?rest_route=%2Fwp%2Fv2%2Fcomments&post=13398"}],"version-history":[{"count":1,"href":"https:\/\/prefeitura.santarosa.rs.gov.br\/index.php?rest_route=\/wp\/v2\/posts\/13398\/revisions"}],"predecessor-version":[{"id":13401,"href":"https:\/\/prefeitura.santarosa.rs.gov.br\/index.php?rest_route=\/wp\/v2\/posts\/13398\/revisions\/13401"}],"wp:featuredmedia":[{"embeddable":true,"href":"https:\/\/prefeitura.santarosa.rs.gov.br\/index.php?rest_route=\/wp\/v2\/media\/13400"}],"wp:attachment":[{"href":"https:\/\/prefeitura.santarosa.rs.gov.br\/index.php?rest_route=%2Fwp%2Fv2%2Fmedia&parent=13398"}],"wp:term":[{"taxonomy":"category","embeddable":true,"href":"https:\/\/prefeitura.santarosa.rs.gov.br\/index.php?rest_route=%2Fwp%2Fv2%2Fcategories&post=13398"},{"taxonomy":"post_tag","embeddable":true,"href":"https:\/\/prefeitura.santarosa.rs.gov.br\/index.php?rest_route=%2Fwp%2Fv2%2Ftags&post=13398"}],"curies":[{"name":"wp","href":"https:\/\/api.w.org\/{rel}","templated":true}]}}