{"id":13393,"date":"2025-04-01T16:32:35","date_gmt":"2025-04-01T19:32:35","guid":{"rendered":"https:\/\/prefeitura.santarosa.rs.gov.br\/?p=13393"},"modified":"2025-04-01T16:32:35","modified_gmt":"2025-04-01T19:32:35","slug":"vacinacao-contra-a-gripe-inicia-no-proximo-sabado","status":"publish","type":"post","link":"https:\/\/prefeitura.santarosa.rs.gov.br\/?p=13393","title":{"rendered":"Vacina\u00e7\u00e3o contra a gripe inicia no pr\u00f3ximo s\u00e1bado"},"content":{"rendered":"\n<figure class=\"wp-block-image size-full\"><img fetchpriority=\"high\" decoding=\"async\" width=\"860\" height=\"645\" src=\"https:\/\/prefeitura.santarosa.rs.gov.br\/wp-content\/uploads\/2025\/04\/Formato-Site-e-Portal-860X645-JPG-2025-04-01T162315.472.jpg\" alt=\"\" class=\"wp-image-13394\" srcset=\"https:\/\/prefeitura.santarosa.rs.gov.br\/wp-content\/uploads\/2025\/04\/Formato-Site-e-Portal-860X645-JPG-2025-04-01T162315.472.jpg 860w, https:\/\/prefeitura.santarosa.rs.gov.br\/wp-content\/uploads\/2025\/04\/Formato-Site-e-Portal-860X645-JPG-2025-04-01T162315.472-300x225.jpg 300w, https:\/\/prefeitura.santarosa.rs.gov.br\/wp-content\/uploads\/2025\/04\/Formato-Site-e-Portal-860X645-JPG-2025-04-01T162315.472-768x576.jpg 768w\" sizes=\"(max-width: 860px) 100vw, 860px\" \/><\/figure>\n\n\n\n<p>A Funda\u00e7\u00e3o Municipal de Sa\u00fade de Santa Rosa informa para a popula\u00e7\u00e3o que a imuniza\u00e7\u00e3o contra o v\u00edrus influenza (gripe) ter\u00e1 in\u00edcio no munic\u00edpio. A campanha anual de vacina\u00e7\u00e3o contra a gripe come\u00e7ar\u00e1 oficialmente na segunda-feira (07), por\u00e9m, no s\u00e1bado (05\/04), ser\u00e1 realizada uma mobiliza\u00e7\u00e3o especial para facilitar o acesso dos grupos priorit\u00e1rios. As doses estar\u00e3o dispon\u00edveis no s\u00e1bado, em todas as Unidades B\u00e1sicas de Sa\u00fade, das 08h \u00e0s 12h.<\/p>\n\n\n\n<p>A FUMSSAR recebeu, na primeira remessa, cerca de 2.200 doses, que ser\u00e3o distribu\u00eddas em todas as UBSs para o in\u00edcio da campanha. O Presidente da Funda\u00e7\u00e3o de Sa\u00fade, D\u00e9lcio Stefan, destaca que o objetivo \u00e9 imunizar o quanto antes os grupos elencados para vacina\u00e7\u00e3o, \u201cNossa meta \u00e9 vacinar 90% dos grupos priorit\u00e1rios, incluindo idosos, gestantes e crian\u00e7as. Com a aproxima\u00e7\u00e3o do inverno e das temperaturas mais baixas, esse cuidado faz toda a diferen\u00e7a e auxilia na preven\u00e7\u00e3o das doen\u00e7as respirat\u00f3rias, comuns nessa \u00e9poca do ano&#8221;.<\/p>\n\n\n\n<p>Nos demais dias da semana e ao longo da campanha, a vacina\u00e7\u00e3o ser\u00e1 realizada conforme o cronograma de cada unidade de sa\u00fade. Confira abaixo, os grupos priorit\u00e1rios para vacina\u00e7\u00e3o:<\/p>\n\n\n\n<p>\u2022 Pessoas acima de 60 anos<br>\u2022 Crian\u00e7as de 6 meses at\u00e9 menores de 6 anos (5 anos, 11 meses e 29 dias)<br>\u2022 Gestantes<br>\u2022 Pu\u00e9rperas (at\u00e9 45 dias ap\u00f3s o parto)<br>\u2022 Profissionais de sa\u00fade<br>\u2022 Professores<br>\u2022 Pessoas com defici\u00eancia permanente<br>\u2022 Pessoas com doen\u00e7as cr\u00f4nicas n\u00e3o transmiss\u00edveis e outras condi\u00e7\u00f5es cl\u00ednicas especiais<br>\u2022 Profissionais de transporte coletivo rodovi\u00e1rio<br>\u2022 Caminhoneiros<br>\u2022 Profissionais portu\u00e1rios<br>\u2022 Profissionais das for\u00e7as de seguran\u00e7a e salvamento<br>\u2022 Profissionais das For\u00e7as Armadas<br>\u2022 Profissionais dos Correios<br>\u2022 Pessoas em situa\u00e7\u00e3o de rua<br>\u2022 Ind\u00edgenas | Quilombolas<\/p>\n\n\n\n<p>Documentos necess\u00e1rios:<br>Para ser vacinado contra a gripe, \u00e9 necess\u00e1rio levar documento com foto e a caderneta de vacina\u00e7\u00e3o. Trabalhadores da sa\u00fade e professores devem apresentar comprovante de v\u00ednculo ativo com a institui\u00e7\u00e3o em que atuam (crach\u00e1, holerite etc.). Gestantes devem apresentar a carteira de pr\u00e9-natal e pu\u00e9rperas, o comprovante de realiza\u00e7\u00e3o do parto at\u00e9 45 dias antes.<\/p>\n","protected":false},"excerpt":{"rendered":"<p>A Funda\u00e7\u00e3o Municipal de Sa\u00fade de Santa Rosa informa para a popula\u00e7\u00e3o que a imuniza\u00e7\u00e3o contra o v\u00edrus influenza (gripe)<\/p>\n","protected":false},"author":12,"featured_media":13395,"comment_status":"closed","ping_status":"closed","sticky":false,"template":"","format":"standard","meta":{"footnotes":""},"categories":[4,8],"tags":[],"class_list":["post-13393","post","type-post","status-publish","format-standard","has-post-thumbnail","hentry","category-noticias","category-noticias-fumssar"],"aioseo_notices":[],"_links":{"self":[{"href":"https:\/\/prefeitura.santarosa.rs.gov.br\/index.php?rest_route=\/wp\/v2\/posts\/13393","targetHints":{"allow":["GET"]}}],"collection":[{"href":"https:\/\/prefeitura.santarosa.rs.gov.br\/index.php?rest_route=\/wp\/v2\/posts"}],"about":[{"href":"https:\/\/prefeitura.santarosa.rs.gov.br\/index.php?rest_route=\/wp\/v2\/types\/post"}],"author":[{"embeddable":true,"href":"https:\/\/prefeitura.santarosa.rs.gov.br\/index.php?rest_route=\/wp\/v2\/users\/12"}],"replies":[{"embeddable":true,"href":"https:\/\/prefeitura.santarosa.rs.gov.br\/index.php?rest_route=%2Fwp%2Fv2%2Fcomments&post=13393"}],"version-history":[{"count":1,"href":"https:\/\/prefeitura.santarosa.rs.gov.br\/index.php?rest_route=\/wp\/v2\/posts\/13393\/revisions"}],"predecessor-version":[{"id":13396,"href":"https:\/\/prefeitura.santarosa.rs.gov.br\/index.php?rest_route=\/wp\/v2\/posts\/13393\/revisions\/13396"}],"wp:featuredmedia":[{"embeddable":true,"href":"https:\/\/prefeitura.santarosa.rs.gov.br\/index.php?rest_route=\/wp\/v2\/media\/13395"}],"wp:attachment":[{"href":"https:\/\/prefeitura.santarosa.rs.gov.br\/index.php?rest_route=%2Fwp%2Fv2%2Fmedia&parent=13393"}],"wp:term":[{"taxonomy":"category","embeddable":true,"href":"https:\/\/prefeitura.santarosa.rs.gov.br\/index.php?rest_route=%2Fwp%2Fv2%2Fcategories&post=13393"},{"taxonomy":"post_tag","embeddable":true,"href":"https:\/\/prefeitura.santarosa.rs.gov.br\/index.php?rest_route=%2Fwp%2Fv2%2Ftags&post=13393"}],"curies":[{"name":"wp","href":"https:\/\/api.w.org\/{rel}","templated":true}]}}