{"id":13379,"date":"2025-03-31T17:12:23","date_gmt":"2025-03-31T20:12:23","guid":{"rendered":"https:\/\/prefeitura.santarosa.rs.gov.br\/?p=13379"},"modified":"2025-03-31T17:12:23","modified_gmt":"2025-03-31T20:12:23","slug":"1o-entardecer-com-elas-foi-realizado-em-santa-rosa","status":"publish","type":"post","link":"https:\/\/prefeitura.santarosa.rs.gov.br\/?p=13379","title":{"rendered":"1\u00ba Entardecer com Elas foi realizado em Santa Rosa"},"content":{"rendered":"\n<figure class=\"wp-block-image size-full\"><img fetchpriority=\"high\" decoding=\"async\" width=\"860\" height=\"645\" src=\"https:\/\/prefeitura.santarosa.rs.gov.br\/wp-content\/uploads\/2025\/03\/Formato-Site-e-Portal-860X645-JPG-2025-03-31T170926.170.jpg\" alt=\"\" class=\"wp-image-13380\" srcset=\"https:\/\/prefeitura.santarosa.rs.gov.br\/wp-content\/uploads\/2025\/03\/Formato-Site-e-Portal-860X645-JPG-2025-03-31T170926.170.jpg 860w, https:\/\/prefeitura.santarosa.rs.gov.br\/wp-content\/uploads\/2025\/03\/Formato-Site-e-Portal-860X645-JPG-2025-03-31T170926.170-300x225.jpg 300w, https:\/\/prefeitura.santarosa.rs.gov.br\/wp-content\/uploads\/2025\/03\/Formato-Site-e-Portal-860X645-JPG-2025-03-31T170926.170-768x576.jpg 768w\" sizes=\"(max-width: 860px) 100vw, 860px\" \/><\/figure>\n\n\n\n<p>Neste domingo (30), aconteceu o 1\u00ba Entardecer com elas no Parque de Exposi\u00e7\u00f5es Alfredo Leandro Carlson. O evento foi promovido pela Prefeitura de Santa Rosa, por meio da Secretaria de Desenvolvimento Social e da Assessoria de Pol\u00edticas P\u00fablicas para as Mulheres. A atividade reuniu diversas fam\u00edlias e mulheres e marcou o encerramento da programa\u00e7\u00e3o do M\u00eas da Mulher em Santa Rosa.<\/p>\n\n\n\n<p>Na oportunidade, foram realizadas apresenta\u00e7\u00f5es musicais do Duo Sonni Essentia, declama\u00e7\u00e3o de poesias com a Professora Maira Engers e uma palestra com a Pastora Jaqueline Andrade. A Assessora de Pol\u00edticas para as Mulheres, Maria Sirlei Perassolo, organizadora do evento, destacou a a\u00e7\u00e3o, \u201cNosso objetivo foi promover um momento de reflex\u00e3o e confraterniza\u00e7\u00e3o para as mulheres de Santa Rosa. Tivemos um m\u00eas repleto de atividades, todas pensadas com muito carinho para valorizar o papel da mulher na sociedade e para celebrar essa data t\u00e3o especial que \u00e9 comemorada no m\u00eas de mar\u00e7o\u201d. A Secret\u00e1ria de Desenvolvimento Social, Rita Strasser e o vereador Enzo Fontana de Melo tamb\u00e9m prestigiaram o evento.<\/p>\n\n\n\n<p>A a\u00e7\u00e3o contou tamb\u00e9m com diversos parceiros, entre eles o Sicredi, Economia Solid\u00e1ria e a C\u00e2mara Municipal de Vereadores. Durante o evento, os visitantes puderam contar com servi\u00e7os de verifica\u00e7\u00e3o de press\u00e3o arterial, glicemia e gin\u00e1stica laboral, oferecidos pela Uniju\u00ed. A empresa BRphonia tamb\u00e9m disponibilizou pipoca e algod\u00e3o doce para os participantes.<\/p>\n","protected":false},"excerpt":{"rendered":"<p>Neste domingo (30), aconteceu o 1\u00ba Entardecer com elas no Parque de Exposi\u00e7\u00f5es Alfredo Leandro Carlson. O evento foi promovido<\/p>\n","protected":false},"author":12,"featured_media":13381,"comment_status":"closed","ping_status":"closed","sticky":false,"template":"","format":"standard","meta":{"footnotes":""},"categories":[4,17],"tags":[],"class_list":["post-13379","post","type-post","status-publish","format-standard","has-post-thumbnail","hentry","category-noticias","category-secretaria-municipal-de-desenvolvimento-social"],"aioseo_notices":[],"_links":{"self":[{"href":"https:\/\/prefeitura.santarosa.rs.gov.br\/index.php?rest_route=\/wp\/v2\/posts\/13379","targetHints":{"allow":["GET"]}}],"collection":[{"href":"https:\/\/prefeitura.santarosa.rs.gov.br\/index.php?rest_route=\/wp\/v2\/posts"}],"about":[{"href":"https:\/\/prefeitura.santarosa.rs.gov.br\/index.php?rest_route=\/wp\/v2\/types\/post"}],"author":[{"embeddable":true,"href":"https:\/\/prefeitura.santarosa.rs.gov.br\/index.php?rest_route=\/wp\/v2\/users\/12"}],"replies":[{"embeddable":true,"href":"https:\/\/prefeitura.santarosa.rs.gov.br\/index.php?rest_route=%2Fwp%2Fv2%2Fcomments&post=13379"}],"version-history":[{"count":1,"href":"https:\/\/prefeitura.santarosa.rs.gov.br\/index.php?rest_route=\/wp\/v2\/posts\/13379\/revisions"}],"predecessor-version":[{"id":13382,"href":"https:\/\/prefeitura.santarosa.rs.gov.br\/index.php?rest_route=\/wp\/v2\/posts\/13379\/revisions\/13382"}],"wp:featuredmedia":[{"embeddable":true,"href":"https:\/\/prefeitura.santarosa.rs.gov.br\/index.php?rest_route=\/wp\/v2\/media\/13381"}],"wp:attachment":[{"href":"https:\/\/prefeitura.santarosa.rs.gov.br\/index.php?rest_route=%2Fwp%2Fv2%2Fmedia&parent=13379"}],"wp:term":[{"taxonomy":"category","embeddable":true,"href":"https:\/\/prefeitura.santarosa.rs.gov.br\/index.php?rest_route=%2Fwp%2Fv2%2Fcategories&post=13379"},{"taxonomy":"post_tag","embeddable":true,"href":"https:\/\/prefeitura.santarosa.rs.gov.br\/index.php?rest_route=%2Fwp%2Fv2%2Ftags&post=13379"}],"curies":[{"name":"wp","href":"https:\/\/api.w.org\/{rel}","templated":true}]}}