{"id":13364,"date":"2025-03-31T14:22:32","date_gmt":"2025-03-31T17:22:32","guid":{"rendered":"https:\/\/prefeitura.santarosa.rs.gov.br\/?p=13364"},"modified":"2025-03-31T14:54:52","modified_gmt":"2025-03-31T17:54:52","slug":"13a-festival-santa-rosa-em-danca-reuniu-cerca-de-3-mil-pessoas","status":"publish","type":"post","link":"https:\/\/prefeitura.santarosa.rs.gov.br\/?p=13364","title":{"rendered":"13\u00aa Festival Santa Rosa em Dan\u00e7a reuniu cerca de 3 mil pessoas"},"content":{"rendered":"\n<figure class=\"wp-block-image size-full\"><img fetchpriority=\"high\" decoding=\"async\" width=\"860\" height=\"645\" src=\"https:\/\/prefeitura.santarosa.rs.gov.br\/wp-content\/uploads\/2025\/03\/Formato-Site-e-Portal-860X645-JPG-2025-03-31T144133.392.jpg\" alt=\"\" class=\"wp-image-13374\" srcset=\"https:\/\/prefeitura.santarosa.rs.gov.br\/wp-content\/uploads\/2025\/03\/Formato-Site-e-Portal-860X645-JPG-2025-03-31T144133.392.jpg 860w, https:\/\/prefeitura.santarosa.rs.gov.br\/wp-content\/uploads\/2025\/03\/Formato-Site-e-Portal-860X645-JPG-2025-03-31T144133.392-300x225.jpg 300w, https:\/\/prefeitura.santarosa.rs.gov.br\/wp-content\/uploads\/2025\/03\/Formato-Site-e-Portal-860X645-JPG-2025-03-31T144133.392-768x576.jpg 768w\" sizes=\"(max-width: 860px) 100vw, 860px\" \/><\/figure>\n\n\n\n<p>A Prefeitura, por meio da Secretaria de Educa\u00e7\u00e3o e Cultura, realizou no \u00faltimo final de semana a 13\u00aa edi\u00e7\u00e3o do Festival Santa Rosa em Dan\u00e7a. O evento, que foi retomado ap\u00f3s 9 anos de pausa, aconteceu no Centro C\u00edvico Cultural Ant\u00f4nio Carlos Borges e contou com tr\u00eas noites de competi\u00e7\u00f5es, atraindo um p\u00fablico de cerca de 3 mil pessoas. A a\u00e7\u00e3o reuniu 127 coreografias e contou com a participa\u00e7\u00e3o de 25 escolas e companhias de dan\u00e7a de Santa Rosa e regi\u00e3o, al\u00e9m de inscritos de entidades tradicionalistas e organiza\u00e7\u00f5es religiosas, que tamb\u00e9m apresentaram seus trabalhos no palco.<\/p>\n\n\n\n<p>A grande final e a premia\u00e7\u00e3o aconteceram na madrugada deste domingo, (30). Os destaques da competi\u00e7\u00e3o de cada categoria receberam premia\u00e7\u00f5es em dinheiro, no valor de mil reais, mais trof\u00e9u. Al\u00e9m disso, a Escola de Dan\u00e7a Izabel Neis de Santa Rosa conquistou 16 pr\u00eamios de primeiro lugar em diferentes categorias de faixa et\u00e1ria e modalidades de estilos musicais. A Secret\u00e1ria de Educa\u00e7\u00e3o e Cultura, Josyane Heck, acompanhou o festival e destacou, \u201cFoi uma alegria realizar a retomada do festival com a demonstra\u00e7\u00e3o de tantos talentos da nossa cidade e regi\u00e3o. A emo\u00e7\u00e3o no palco e o apoio do p\u00fablico foram fundamentais para o sucesso desse evento\u201d.<\/p>\n\n\n\n<p>Confira a seguir, os ganhadores destaques da competi\u00e7\u00e3o:<\/p>\n\n\n\n<ul class=\"wp-block-list\">\n<li>Melhor Trabalho Baby: Hora do Banho &#8211; Isabel Neis &#8211; Santa Rosa<\/li>\n\n\n\n<li>Melhor Trabalho Infantil: Flash Back &#8211; Adriane Quevedo \u2013 Santa Rosa<\/li>\n\n\n\n<li>Melhor Trabalho Junior: Matilda &#8211; Isabel Neis &#8211; Santa Rosa<\/li>\n\n\n\n<li>Melhor Trabalho Juvenil: Meu Muito, Meu Pouco &#8211; Armaz\u00e9m Movimento &#8211; Santo \u00c2ngelo<\/li>\n\n\n\n<li>Melhor Trabalho Adulto: Back For Me &#8211; Isabel Neis &#8211; Santa Rosa<\/li>\n\n\n\n<li>Personalidade Destaque: Rafaela Dutra, Cia de Dan\u00e7a Base Company de Santa Rosa, coreografia &#8220;O cemit\u00e9rio das luzes escondidas\u201d.<\/li>\n\n\n\n<li>Personalidade Destaque: Rafaela Kuntz, Escola de Dan\u00e7a Izabel Neis de Santa Rosa, coreografia \u201cNo Bad Girl\u201d.<\/li>\n<\/ul>\n","protected":false},"excerpt":{"rendered":"<p>A Prefeitura, por meio da Secretaria de Educa\u00e7\u00e3o e Cultura, realizou no \u00faltimo final de semana a 13\u00aa edi\u00e7\u00e3o do<\/p>\n","protected":false},"author":12,"featured_media":13378,"comment_status":"closed","ping_status":"closed","sticky":false,"template":"","format":"standard","meta":{"footnotes":""},"categories":[4,18],"tags":[],"class_list":["post-13364","post","type-post","status-publish","format-standard","has-post-thumbnail","hentry","category-noticias","category-secretaria-municipal-de-educacao-e-cultura"],"aioseo_notices":[],"_links":{"self":[{"href":"https:\/\/prefeitura.santarosa.rs.gov.br\/index.php?rest_route=\/wp\/v2\/posts\/13364","targetHints":{"allow":["GET"]}}],"collection":[{"href":"https:\/\/prefeitura.santarosa.rs.gov.br\/index.php?rest_route=\/wp\/v2\/posts"}],"about":[{"href":"https:\/\/prefeitura.santarosa.rs.gov.br\/index.php?rest_route=\/wp\/v2\/types\/post"}],"author":[{"embeddable":true,"href":"https:\/\/prefeitura.santarosa.rs.gov.br\/index.php?rest_route=\/wp\/v2\/users\/12"}],"replies":[{"embeddable":true,"href":"https:\/\/prefeitura.santarosa.rs.gov.br\/index.php?rest_route=%2Fwp%2Fv2%2Fcomments&post=13364"}],"version-history":[{"count":2,"href":"https:\/\/prefeitura.santarosa.rs.gov.br\/index.php?rest_route=\/wp\/v2\/posts\/13364\/revisions"}],"predecessor-version":[{"id":13375,"href":"https:\/\/prefeitura.santarosa.rs.gov.br\/index.php?rest_route=\/wp\/v2\/posts\/13364\/revisions\/13375"}],"wp:featuredmedia":[{"embeddable":true,"href":"https:\/\/prefeitura.santarosa.rs.gov.br\/index.php?rest_route=\/wp\/v2\/media\/13378"}],"wp:attachment":[{"href":"https:\/\/prefeitura.santarosa.rs.gov.br\/index.php?rest_route=%2Fwp%2Fv2%2Fmedia&parent=13364"}],"wp:term":[{"taxonomy":"category","embeddable":true,"href":"https:\/\/prefeitura.santarosa.rs.gov.br\/index.php?rest_route=%2Fwp%2Fv2%2Fcategories&post=13364"},{"taxonomy":"post_tag","embeddable":true,"href":"https:\/\/prefeitura.santarosa.rs.gov.br\/index.php?rest_route=%2Fwp%2Fv2%2Ftags&post=13364"}],"curies":[{"name":"wp","href":"https:\/\/api.w.org\/{rel}","templated":true}]}}