{"id":13360,"date":"2025-03-31T14:10:14","date_gmt":"2025-03-31T17:10:14","guid":{"rendered":"https:\/\/prefeitura.santarosa.rs.gov.br\/?p=13360"},"modified":"2025-03-31T14:10:14","modified_gmt":"2025-03-31T17:10:14","slug":"inscricoes-abertas-para-a-selecao-de-pareceristas-da-lei-aldir-blanc","status":"publish","type":"post","link":"https:\/\/prefeitura.santarosa.rs.gov.br\/?p=13360","title":{"rendered":"Inscri\u00e7\u00f5es abertas para a Sele\u00e7\u00e3o de Pareceristas da Lei Aldir Blanc"},"content":{"rendered":"\n<figure class=\"wp-block-image size-full\"><img fetchpriority=\"high\" decoding=\"async\" width=\"860\" height=\"645\" src=\"https:\/\/prefeitura.santarosa.rs.gov.br\/wp-content\/uploads\/2025\/03\/Formato-Site-e-Portal-860X645-JPG-2025-03-31T140548.961.jpg\" alt=\"\" class=\"wp-image-13361\" srcset=\"https:\/\/prefeitura.santarosa.rs.gov.br\/wp-content\/uploads\/2025\/03\/Formato-Site-e-Portal-860X645-JPG-2025-03-31T140548.961.jpg 860w, https:\/\/prefeitura.santarosa.rs.gov.br\/wp-content\/uploads\/2025\/03\/Formato-Site-e-Portal-860X645-JPG-2025-03-31T140548.961-300x225.jpg 300w, https:\/\/prefeitura.santarosa.rs.gov.br\/wp-content\/uploads\/2025\/03\/Formato-Site-e-Portal-860X645-JPG-2025-03-31T140548.961-768x576.jpg 768w\" sizes=\"(max-width: 860px) 100vw, 860px\" \/><\/figure>\n\n\n\n<p>A Prefeitura de Santa Rosa, torna p\u00fablico, para o conhecimento de todos os interessados que est\u00e1 dispon\u00edvel o Edital de Chamamento P\u00fablico Credenciamento n\u00ba 02\/2025 &#8211; Sele\u00e7\u00e3o de Pareceristas (Lei Aldir Blanc). Os participantes habilitados (pessoas jur\u00eddicas), far\u00e3o parte de Comiss\u00e3o de Sele\u00e7\u00e3o (tr\u00eas membros), para an\u00e1lise de projetos culturais, nos editais relacionados \u00e0 Lei Federal n\u00ba 14.399, de 8 de julho de 2022 &#8211; Pol\u00edtica Nacional Aldir Blanc de Fomento \u00e0 Cultura, edital fomento cultural, e, tamb\u00e9m edital subs\u00eddio a espa\u00e7os, ambientes e iniciativas culturais.<\/p>\n\n\n\n<p>As inscri\u00e7\u00f5es s\u00e3o gratuitas e dever\u00e3o ser entregues e protocoladas pelos participantes diretamente no setor de protocolo do Centro Administrativo Municipal, localizado na Av. Expedicion\u00e1rio Weber, n\u00ba 2983, Bairro Cruzeiro, no hor\u00e1rio das 07h30min \u00e0s 11h30min, e das 13h30min \u00e0s 17h30min, de segunda a sexta-feira, em dias \u00fateis.<\/p>\n\n\n\n<p>O per\u00edodo para credenciamento das empresas que preencherem as condi\u00e7\u00f5es previstas no edital ser\u00e1 at\u00e9 o dia 17\/04\/2025.<\/p>\n\n\n\n<p>O edital pode ser acessado no link a seguir:<br><a href=\"https:\/\/santarosa.atende.net\/cidadao\/pagina\/lei-aldir-blanc\" target=\"_blank\" rel=\"noopener\" title=\"\">https:\/\/santarosa.atende.net\/cidadao\/pagina\/lei-aldir-blanc<\/a><\/p>\n\n\n\n<p><\/p>\n","protected":false},"excerpt":{"rendered":"<p>A Prefeitura de Santa Rosa, torna p\u00fablico, para o conhecimento de todos os interessados que est\u00e1 dispon\u00edvel o Edital de<\/p>\n","protected":false},"author":12,"featured_media":13362,"comment_status":"closed","ping_status":"closed","sticky":false,"template":"","format":"standard","meta":{"footnotes":""},"categories":[4,18],"tags":[],"class_list":["post-13360","post","type-post","status-publish","format-standard","has-post-thumbnail","hentry","category-noticias","category-secretaria-municipal-de-educacao-e-cultura"],"aioseo_notices":[],"_links":{"self":[{"href":"https:\/\/prefeitura.santarosa.rs.gov.br\/index.php?rest_route=\/wp\/v2\/posts\/13360","targetHints":{"allow":["GET"]}}],"collection":[{"href":"https:\/\/prefeitura.santarosa.rs.gov.br\/index.php?rest_route=\/wp\/v2\/posts"}],"about":[{"href":"https:\/\/prefeitura.santarosa.rs.gov.br\/index.php?rest_route=\/wp\/v2\/types\/post"}],"author":[{"embeddable":true,"href":"https:\/\/prefeitura.santarosa.rs.gov.br\/index.php?rest_route=\/wp\/v2\/users\/12"}],"replies":[{"embeddable":true,"href":"https:\/\/prefeitura.santarosa.rs.gov.br\/index.php?rest_route=%2Fwp%2Fv2%2Fcomments&post=13360"}],"version-history":[{"count":1,"href":"https:\/\/prefeitura.santarosa.rs.gov.br\/index.php?rest_route=\/wp\/v2\/posts\/13360\/revisions"}],"predecessor-version":[{"id":13363,"href":"https:\/\/prefeitura.santarosa.rs.gov.br\/index.php?rest_route=\/wp\/v2\/posts\/13360\/revisions\/13363"}],"wp:featuredmedia":[{"embeddable":true,"href":"https:\/\/prefeitura.santarosa.rs.gov.br\/index.php?rest_route=\/wp\/v2\/media\/13362"}],"wp:attachment":[{"href":"https:\/\/prefeitura.santarosa.rs.gov.br\/index.php?rest_route=%2Fwp%2Fv2%2Fmedia&parent=13360"}],"wp:term":[{"taxonomy":"category","embeddable":true,"href":"https:\/\/prefeitura.santarosa.rs.gov.br\/index.php?rest_route=%2Fwp%2Fv2%2Fcategories&post=13360"},{"taxonomy":"post_tag","embeddable":true,"href":"https:\/\/prefeitura.santarosa.rs.gov.br\/index.php?rest_route=%2Fwp%2Fv2%2Ftags&post=13360"}],"curies":[{"name":"wp","href":"https:\/\/api.w.org\/{rel}","templated":true}]}}