{"id":13355,"date":"2025-03-28T17:37:52","date_gmt":"2025-03-28T20:37:52","guid":{"rendered":"https:\/\/prefeitura.santarosa.rs.gov.br\/?p=13355"},"modified":"2025-03-28T17:37:52","modified_gmt":"2025-03-28T20:37:52","slug":"prefeito-participa-de-jantar-de-confraternizacao-em-candeia-baixa","status":"publish","type":"post","link":"https:\/\/prefeitura.santarosa.rs.gov.br\/?p=13355","title":{"rendered":"Prefeito participa de jantar de confraterniza\u00e7\u00e3o em Candeia Baixa"},"content":{"rendered":"\n<figure class=\"wp-block-image size-full\"><img fetchpriority=\"high\" decoding=\"async\" width=\"860\" height=\"645\" src=\"https:\/\/prefeitura.santarosa.rs.gov.br\/wp-content\/uploads\/2025\/03\/Formato-Site-e-Portal-860X645-JPG-2025-03-28T173033.776.jpg\" alt=\"\" class=\"wp-image-13356\" srcset=\"https:\/\/prefeitura.santarosa.rs.gov.br\/wp-content\/uploads\/2025\/03\/Formato-Site-e-Portal-860X645-JPG-2025-03-28T173033.776.jpg 860w, https:\/\/prefeitura.santarosa.rs.gov.br\/wp-content\/uploads\/2025\/03\/Formato-Site-e-Portal-860X645-JPG-2025-03-28T173033.776-300x225.jpg 300w, https:\/\/prefeitura.santarosa.rs.gov.br\/wp-content\/uploads\/2025\/03\/Formato-Site-e-Portal-860X645-JPG-2025-03-28T173033.776-768x576.jpg 768w\" sizes=\"(max-width: 860px) 100vw, 860px\" \/><\/figure>\n\n\n\n<p>O Prefeito Anderson Mantei e a Vereadora Lires Zimmermann participaram nesta semana, de um jantar de confraterniza\u00e7\u00e3o com a comunidade de Candeia Baixa. O evento, realizado no Sal\u00e3o da Comunidade, reuniu moradores locais em um momento de integra\u00e7\u00e3o e celebra\u00e7\u00e3o.<\/p>\n\n\n\n<p>Durante a confraterniza\u00e7\u00e3o, os moradores expressaram sua gratid\u00e3o ao prefeito e \u00e0 vereadora pelo cal\u00e7amento recentemente conclu\u00eddo, que trouxe mais qualidade de vida e seguran\u00e7a para a regi\u00e3o, &#8220;Estamos muito contentes em poder estar pr\u00f3ximos da comunidade e compartilhar de momentos especiais como este. Vamos continuar trabalhando, ouvindo as demandas, para trazer ainda mais melhorias para todos&#8221;, declarou a vereadora Lires Zimmermann<\/p>\n","protected":false},"excerpt":{"rendered":"<p>O Prefeito Anderson Mantei e a Vereadora Lires Zimmermann participaram nesta semana, de um jantar de confraterniza\u00e7\u00e3o com a comunidade<\/p>\n","protected":false},"author":12,"featured_media":13357,"comment_status":"closed","ping_status":"closed","sticky":false,"template":"","format":"standard","meta":{"footnotes":""},"categories":[4,3],"tags":[],"class_list":["post-13355","post","type-post","status-publish","format-standard","has-post-thumbnail","hentry","category-noticias","category-gabinete-do-prefeito"],"aioseo_notices":[],"_links":{"self":[{"href":"https:\/\/prefeitura.santarosa.rs.gov.br\/index.php?rest_route=\/wp\/v2\/posts\/13355","targetHints":{"allow":["GET"]}}],"collection":[{"href":"https:\/\/prefeitura.santarosa.rs.gov.br\/index.php?rest_route=\/wp\/v2\/posts"}],"about":[{"href":"https:\/\/prefeitura.santarosa.rs.gov.br\/index.php?rest_route=\/wp\/v2\/types\/post"}],"author":[{"embeddable":true,"href":"https:\/\/prefeitura.santarosa.rs.gov.br\/index.php?rest_route=\/wp\/v2\/users\/12"}],"replies":[{"embeddable":true,"href":"https:\/\/prefeitura.santarosa.rs.gov.br\/index.php?rest_route=%2Fwp%2Fv2%2Fcomments&post=13355"}],"version-history":[{"count":1,"href":"https:\/\/prefeitura.santarosa.rs.gov.br\/index.php?rest_route=\/wp\/v2\/posts\/13355\/revisions"}],"predecessor-version":[{"id":13358,"href":"https:\/\/prefeitura.santarosa.rs.gov.br\/index.php?rest_route=\/wp\/v2\/posts\/13355\/revisions\/13358"}],"wp:featuredmedia":[{"embeddable":true,"href":"https:\/\/prefeitura.santarosa.rs.gov.br\/index.php?rest_route=\/wp\/v2\/media\/13357"}],"wp:attachment":[{"href":"https:\/\/prefeitura.santarosa.rs.gov.br\/index.php?rest_route=%2Fwp%2Fv2%2Fmedia&parent=13355"}],"wp:term":[{"taxonomy":"category","embeddable":true,"href":"https:\/\/prefeitura.santarosa.rs.gov.br\/index.php?rest_route=%2Fwp%2Fv2%2Fcategories&post=13355"},{"taxonomy":"post_tag","embeddable":true,"href":"https:\/\/prefeitura.santarosa.rs.gov.br\/index.php?rest_route=%2Fwp%2Fv2%2Ftags&post=13355"}],"curies":[{"name":"wp","href":"https:\/\/api.w.org\/{rel}","templated":true}]}}