{"id":13350,"date":"2025-03-28T15:38:37","date_gmt":"2025-03-28T18:38:37","guid":{"rendered":"https:\/\/prefeitura.santarosa.rs.gov.br\/?p=13350"},"modified":"2025-03-28T15:38:37","modified_gmt":"2025-03-28T18:38:37","slug":"1o-entardecer-com-elas-vai-acontecer-no-proximo-domingo","status":"publish","type":"post","link":"https:\/\/prefeitura.santarosa.rs.gov.br\/?p=13350","title":{"rendered":"1\u00ba Entardecer com Elas vai acontecer no pr\u00f3ximo domingo"},"content":{"rendered":"\n<h2 class=\"wp-block-heading\">Atividade ir\u00e1 marcar o encerramento da programa\u00e7\u00e3o do M\u00eas da Mulher em Santa Rosa<\/h2>\n\n\n\n<figure class=\"wp-block-image size-full\"><img fetchpriority=\"high\" decoding=\"async\" width=\"860\" height=\"645\" src=\"https:\/\/prefeitura.santarosa.rs.gov.br\/wp-content\/uploads\/2025\/03\/Formato-Site-e-Portal-860X645-JPG-2025-03-28T152354.564.jpg\" alt=\"\" class=\"wp-image-13351\" srcset=\"https:\/\/prefeitura.santarosa.rs.gov.br\/wp-content\/uploads\/2025\/03\/Formato-Site-e-Portal-860X645-JPG-2025-03-28T152354.564.jpg 860w, https:\/\/prefeitura.santarosa.rs.gov.br\/wp-content\/uploads\/2025\/03\/Formato-Site-e-Portal-860X645-JPG-2025-03-28T152354.564-300x225.jpg 300w, https:\/\/prefeitura.santarosa.rs.gov.br\/wp-content\/uploads\/2025\/03\/Formato-Site-e-Portal-860X645-JPG-2025-03-28T152354.564-768x576.jpg 768w\" sizes=\"(max-width: 860px) 100vw, 860px\" \/><\/figure>\n\n\n\n<p>A Prefeitura de Santa Rosa, por meio da Secretaria de Desenvolvimento Social e da Assessoria de Pol\u00edticas P\u00fablicas para as Mulheres, vai realizar no pr\u00f3ximo domingo (30), o 1\u00ba Entardecer com elas. A atividade vai acontecer no Parque de Exposi\u00e7\u00f5es Alfredo Leandro Carlson, \u00e0s 16 horas e ir\u00e1 marcar o encerramento da programa\u00e7\u00e3o do M\u00eas da Mulher em Santa Rosa. O evento contar\u00e1 com uma palestra da Pastora Jaqueline Andrade, apresenta\u00e7\u00f5es musicais com Duo Sonni Essentia, declama\u00e7\u00e3o de poesias com a Professora Maira Engers, al\u00e9m de diversas outras atra\u00e7\u00f5es culturais.<\/p>\n\n\n\n<p>Durante o evento, os visitantes poder\u00e3o contar com servi\u00e7os de verifica\u00e7\u00e3o de press\u00e3o arterial e glicemia, oferecidos em parceria com a Uniju\u00ed. A a\u00e7\u00e3o busca promover um momento de reflex\u00e3o e confraterniza\u00e7\u00e3o, voltado n\u00e3o s\u00f3 para as mulheres, mas tamb\u00e9m para as fam\u00edlias que estiverem presentes. A Secret\u00e1ria de Desenvolvimento Social, Rita Strasser, destaca a import\u00e2ncia da atividade para fortalecer os la\u00e7os comunit\u00e1rios e valorizar as mulheres do munic\u00edpio, \u201cEste evento \u00e9 uma oportunidade de celebra\u00e7\u00e3o e reflex\u00e3o sobre o papel das mulheres em nossa sociedade. Convidamos toda a comunidade a participar e fazer deste momento um marco para a uni\u00e3o e fortalecimento da nossa cidade\u201d.<\/p>\n\n\n\n<p>A organiza\u00e7\u00e3o do evento est\u00e1 sendo coordenada pela Assessora de Pol\u00edticas para as Mulheres, Maria Sirlei Perassolo. Importante lembrar que os participantes tragam cadeiras para maior conforto ao assistir a palestra. Em caso de chuva, o evento ser\u00e1 cancelado e a informa\u00e7\u00e3o ser\u00e1 divulgada nas p\u00e1ginas oficiais da Prefeitura de Santa Rosa.<\/p>\n","protected":false},"excerpt":{"rendered":"<p>Atividade ir\u00e1 marcar o encerramento da programa\u00e7\u00e3o do M\u00eas da Mulher em Santa Rosa A Prefeitura de Santa Rosa, por<\/p>\n","protected":false},"author":12,"featured_media":13352,"comment_status":"closed","ping_status":"closed","sticky":false,"template":"","format":"standard","meta":{"footnotes":""},"categories":[4,17],"tags":[],"class_list":["post-13350","post","type-post","status-publish","format-standard","has-post-thumbnail","hentry","category-noticias","category-secretaria-municipal-de-desenvolvimento-social"],"aioseo_notices":[],"_links":{"self":[{"href":"https:\/\/prefeitura.santarosa.rs.gov.br\/index.php?rest_route=\/wp\/v2\/posts\/13350","targetHints":{"allow":["GET"]}}],"collection":[{"href":"https:\/\/prefeitura.santarosa.rs.gov.br\/index.php?rest_route=\/wp\/v2\/posts"}],"about":[{"href":"https:\/\/prefeitura.santarosa.rs.gov.br\/index.php?rest_route=\/wp\/v2\/types\/post"}],"author":[{"embeddable":true,"href":"https:\/\/prefeitura.santarosa.rs.gov.br\/index.php?rest_route=\/wp\/v2\/users\/12"}],"replies":[{"embeddable":true,"href":"https:\/\/prefeitura.santarosa.rs.gov.br\/index.php?rest_route=%2Fwp%2Fv2%2Fcomments&post=13350"}],"version-history":[{"count":1,"href":"https:\/\/prefeitura.santarosa.rs.gov.br\/index.php?rest_route=\/wp\/v2\/posts\/13350\/revisions"}],"predecessor-version":[{"id":13353,"href":"https:\/\/prefeitura.santarosa.rs.gov.br\/index.php?rest_route=\/wp\/v2\/posts\/13350\/revisions\/13353"}],"wp:featuredmedia":[{"embeddable":true,"href":"https:\/\/prefeitura.santarosa.rs.gov.br\/index.php?rest_route=\/wp\/v2\/media\/13352"}],"wp:attachment":[{"href":"https:\/\/prefeitura.santarosa.rs.gov.br\/index.php?rest_route=%2Fwp%2Fv2%2Fmedia&parent=13350"}],"wp:term":[{"taxonomy":"category","embeddable":true,"href":"https:\/\/prefeitura.santarosa.rs.gov.br\/index.php?rest_route=%2Fwp%2Fv2%2Fcategories&post=13350"},{"taxonomy":"post_tag","embeddable":true,"href":"https:\/\/prefeitura.santarosa.rs.gov.br\/index.php?rest_route=%2Fwp%2Fv2%2Ftags&post=13350"}],"curies":[{"name":"wp","href":"https:\/\/api.w.org\/{rel}","templated":true}]}}