{"id":13341,"date":"2025-03-27T17:15:45","date_gmt":"2025-03-27T20:15:45","guid":{"rendered":"https:\/\/prefeitura.santarosa.rs.gov.br\/?p=13341"},"modified":"2025-03-27T17:15:45","modified_gmt":"2025-03-27T20:15:45","slug":"vice-governador-gabriel-souza-cumpriu-agendas-em-santa-rosa","status":"publish","type":"post","link":"https:\/\/prefeitura.santarosa.rs.gov.br\/?p=13341","title":{"rendered":"Vice-governador Gabriel Souza cumpriu agendas em Santa Rosa"},"content":{"rendered":"\n<figure class=\"wp-block-image size-full\"><img fetchpriority=\"high\" decoding=\"async\" width=\"860\" height=\"645\" src=\"https:\/\/prefeitura.santarosa.rs.gov.br\/wp-content\/uploads\/2025\/03\/Formato-Site-e-Portal-860X645-JPG-2025-03-27T171317.040.jpg\" alt=\"\" class=\"wp-image-13342\" srcset=\"https:\/\/prefeitura.santarosa.rs.gov.br\/wp-content\/uploads\/2025\/03\/Formato-Site-e-Portal-860X645-JPG-2025-03-27T171317.040.jpg 860w, https:\/\/prefeitura.santarosa.rs.gov.br\/wp-content\/uploads\/2025\/03\/Formato-Site-e-Portal-860X645-JPG-2025-03-27T171317.040-300x225.jpg 300w, https:\/\/prefeitura.santarosa.rs.gov.br\/wp-content\/uploads\/2025\/03\/Formato-Site-e-Portal-860X645-JPG-2025-03-27T171317.040-768x576.jpg 768w\" sizes=\"(max-width: 860px) 100vw, 860px\" \/><\/figure>\n\n\n\n<p>A convite do Prefeito Anderson Mantei, o vice-governador do Rio Grande do Sul, Gabriel Souza, esteve em Santa Rosa nesta quinta-feira (27), para cumprir diversas agendas. Durante a manh\u00e3, Gabriel visitou importantes institui\u00e7\u00f5es do munic\u00edpio, incluindo o Hospital Vida e Sa\u00fade e a APAE Santa Rosa. Ele tamb\u00e9m foi o palestrante convidado para a 184\u00aa edi\u00e7\u00e3o do Almo\u00e7o de Ideias da ACISAP, evento que marcou o in\u00edcio das atividades da entidade em 2025.<\/p>\n\n\n\n<p>A programa\u00e7\u00e3o teve in\u00edcio com uma visita na Nova Unidade do Hospital Vida e Sa\u00fade, onde o vice-governador, acompanhado de autoridades, conheceu as melhorias implementadas com recursos enviados pelo Governo do Estado. A visita, coordenada pelo Prefeito Anderson Mantei, come\u00e7ou no Centro de Diagn\u00f3stico por Imagem, com Gabriel interagindo com pacientes que aguardavam exames, e seguiu para o s\u00e9timo pavimento da unidade, onde est\u00e3o localizados os leitos de interna\u00e7\u00e3o do Sistema \u00danico de Sa\u00fade (SUS). O grupo tamb\u00e9m passou pela UTI, onde os profissionais de sa\u00fade apresentaram as inova\u00e7\u00f5es na estrutura, como os leitos individualizados e a ambi\u00eancia humanizada.<\/p>\n\n\n\n<p>Na sequ\u00eancia, Gabriel Souza seguiu para a APAE Santa Rosa, onde foi recepcionado pela dire\u00e7\u00e3o, por profissionais, pelo Clube de M\u00e3es da institui\u00e7\u00e3o e pelos atendidos da APAE, incluindo crian\u00e7as, jovens e adultos. O vice-governador teve a oportunidade de conhecer os projetos em andamento e as iniciativas do Centro de Atendimento em Sa\u00fade (CAS) do Programa TEAcolhe, que oferece apoio a pessoas com Transtorno do Espectro Autista. Na ocasi\u00e3o, o prefeito Anderson Mantei agradeceu ao vice-governador pela presen\u00e7a e ressaltou o apoio constante do Governo do Estado para os projetos de Santa Rosa, \u201c\u00c9 importante estarmos cada vez mais pr\u00f3ximos do Estado para avan\u00e7armos nas pautas de desenvolvimento do munic\u00edpio e da regi\u00e3o. Nos sentimos honrados com a presen\u00e7a do vice-governador e conseguimos mostrar um pouco do que vem sendo realizado no nosso munic\u00edpio\u201d.<\/p>\n\n\n\n<p>A \u00faltima agenda na cidade foi no Parque de Exposi\u00e7\u00f5es, onde ocorreu o tradicional Almo\u00e7o de Ideias, promovido pela ACISAP. O evento teve como tema \u201cPresente e futuro do Rio Grande do Sul &#8211; A\u00e7\u00f5es para o desenvolvimento da regi\u00e3o Noroeste\u201d. Durante sua palestra, Gabriel Souza refor\u00e7ou o reconhecimento de Santa Rosa como uma cidade pujante, destacando o munic\u00edpio como uma refer\u00eancia no Rio Grande do Sul, \u201cSanta Rosa \u00e9 um modelo de gest\u00e3o e tem se destacado no Estado, sendo refer\u00eancia em diversas \u00e1reas. Fiquei muito impressionado com os locais que visitei, especialmente o Hospital Vida e Sa\u00fade, que considero entre os tr\u00eas melhores do interior do Rio Grande do Sul. Tamb\u00e9m fiquei muito feliz em conhecer toda a estrutura da APAE e ver de perto o importante trabalho que vem sendo desenvolvido aqui\u201d. Gabriel ainda ressaltou que Santa Rosa \u00e9 um munic\u00edpio muito promissor e que pode sempre contar com o Governo do Estado.<\/p>\n\n\n\n<p>Al\u00e9m do vice-governador, a comitiva do Governo do Estado contou com a presen\u00e7a de autoridades como o Secret\u00e1rio de Desenvolvimento Econ\u00f4mico, Ernani Polo, o Secret\u00e1rio Adjunto de Desenvolvimento Urbano e Metropolitano, Fernando Classmann, o Secret\u00e1rio de Log\u00edstica e Transportes, Juvir Costella e o Deputado Estadual Rafael Braga. Tamb\u00e9m participaram das agendas e do Almo\u00e7o de Ideias, o Prefeito de Ober\u00e1, Pablo Hassan, e uma comitiva de prefeitos da Argentina.<\/p>\n","protected":false},"excerpt":{"rendered":"<p>A convite do Prefeito Anderson Mantei, o vice-governador do Rio Grande do Sul, Gabriel Souza, esteve em Santa Rosa nesta<\/p>\n","protected":false},"author":12,"featured_media":13343,"comment_status":"closed","ping_status":"closed","sticky":false,"template":"","format":"standard","meta":{"footnotes":""},"categories":[4,3],"tags":[],"class_list":["post-13341","post","type-post","status-publish","format-standard","has-post-thumbnail","hentry","category-noticias","category-gabinete-do-prefeito"],"aioseo_notices":[],"_links":{"self":[{"href":"https:\/\/prefeitura.santarosa.rs.gov.br\/index.php?rest_route=\/wp\/v2\/posts\/13341","targetHints":{"allow":["GET"]}}],"collection":[{"href":"https:\/\/prefeitura.santarosa.rs.gov.br\/index.php?rest_route=\/wp\/v2\/posts"}],"about":[{"href":"https:\/\/prefeitura.santarosa.rs.gov.br\/index.php?rest_route=\/wp\/v2\/types\/post"}],"author":[{"embeddable":true,"href":"https:\/\/prefeitura.santarosa.rs.gov.br\/index.php?rest_route=\/wp\/v2\/users\/12"}],"replies":[{"embeddable":true,"href":"https:\/\/prefeitura.santarosa.rs.gov.br\/index.php?rest_route=%2Fwp%2Fv2%2Fcomments&post=13341"}],"version-history":[{"count":1,"href":"https:\/\/prefeitura.santarosa.rs.gov.br\/index.php?rest_route=\/wp\/v2\/posts\/13341\/revisions"}],"predecessor-version":[{"id":13344,"href":"https:\/\/prefeitura.santarosa.rs.gov.br\/index.php?rest_route=\/wp\/v2\/posts\/13341\/revisions\/13344"}],"wp:featuredmedia":[{"embeddable":true,"href":"https:\/\/prefeitura.santarosa.rs.gov.br\/index.php?rest_route=\/wp\/v2\/media\/13343"}],"wp:attachment":[{"href":"https:\/\/prefeitura.santarosa.rs.gov.br\/index.php?rest_route=%2Fwp%2Fv2%2Fmedia&parent=13341"}],"wp:term":[{"taxonomy":"category","embeddable":true,"href":"https:\/\/prefeitura.santarosa.rs.gov.br\/index.php?rest_route=%2Fwp%2Fv2%2Fcategories&post=13341"},{"taxonomy":"post_tag","embeddable":true,"href":"https:\/\/prefeitura.santarosa.rs.gov.br\/index.php?rest_route=%2Fwp%2Fv2%2Ftags&post=13341"}],"curies":[{"name":"wp","href":"https:\/\/api.w.org\/{rel}","templated":true}]}}