{"id":13334,"date":"2025-03-27T17:11:31","date_gmt":"2025-03-27T20:11:31","guid":{"rendered":"https:\/\/prefeitura.santarosa.rs.gov.br\/?p=13334"},"modified":"2025-03-27T17:11:31","modified_gmt":"2025-03-27T20:11:31","slug":"lancamento-do-musicanto-vai-a-escola-2025","status":"publish","type":"post","link":"https:\/\/prefeitura.santarosa.rs.gov.br\/?p=13334","title":{"rendered":"Lan\u00e7amento do Musicanto Vai \u00e0 Escola 2025"},"content":{"rendered":"\n<figure class=\"wp-block-image size-full\"><img fetchpriority=\"high\" decoding=\"async\" width=\"860\" height=\"645\" src=\"https:\/\/prefeitura.santarosa.rs.gov.br\/wp-content\/uploads\/2025\/03\/Formato-Site-e-Portal-860X645-JPG-2025-03-27T165950.515.jpg\" alt=\"\" class=\"wp-image-13335\" srcset=\"https:\/\/prefeitura.santarosa.rs.gov.br\/wp-content\/uploads\/2025\/03\/Formato-Site-e-Portal-860X645-JPG-2025-03-27T165950.515.jpg 860w, https:\/\/prefeitura.santarosa.rs.gov.br\/wp-content\/uploads\/2025\/03\/Formato-Site-e-Portal-860X645-JPG-2025-03-27T165950.515-300x225.jpg 300w, https:\/\/prefeitura.santarosa.rs.gov.br\/wp-content\/uploads\/2025\/03\/Formato-Site-e-Portal-860X645-JPG-2025-03-27T165950.515-768x576.jpg 768w\" sizes=\"(max-width: 860px) 100vw, 860px\" \/><\/figure>\n\n\n\n<p>Na manh\u00e3 desta quinta-feira (27), foi realizado o lan\u00e7amento oficial do Musicanto Vai \u00e0 Escola. A a\u00e7\u00e3o aconteceu no audit\u00f3rio do SESC Santa Rosa e reuniu gestores escolares, autoridades, convidados e representantes da imprensa. A iniciativa tem como foco levar a m\u00fasica e a cultura para dentro das escolas, inspirando crian\u00e7as e adolescentes a se aproximarem da arte por meio da can\u00e7\u00e3o.<\/p>\n\n\n\n<p>Na oportunidade, foi realizada uma apresenta\u00e7\u00e3o pelos volunt\u00e1rios do Musicanto, incluindo o professor Vilson Kunzler, professor Edinho, Fabio Meinerz e Edson Flores, que interpretaram m\u00fasicas consagradas do festival. O momento tamb\u00e9m serviu para compartilhar um pouco da hist\u00f3ria do Musicanto Sul-Americano de Nativismo e refor\u00e7ar o convite para a ades\u00e3o das escolas ao projeto. A Secret\u00e1ria de Educa\u00e7\u00e3o e Cultura, Josyane Heck, destacou a a\u00e7\u00e3o, \u201cO Musicanto Vai \u00e0 Escola vai al\u00e9m das apresenta\u00e7\u00f5es musicais. Atrav\u00e9s de oficinas, ensaios e encontros com m\u00fasicos, os alunos t\u00eam a oportunidade de conhecer diferentes ritmos, instrumentos e estilos, vivenciando a constru\u00e7\u00e3o coletiva de um espet\u00e1culo. O projeto fortalece o sentimento de pertencimento, estimula a criatividade e contribui para a forma\u00e7\u00e3o integral dos estudantes\u201d.<\/p>\n\n\n\n<p>Realizado em parceria com escolas da regi\u00e3o, o Musicanto Vai \u00e0 Escola \u00e9 uma celebra\u00e7\u00e3o da identidade cultural e uma semente para o futuro da m\u00fasica sul-americana. Participaram tamb\u00e9m do lan\u00e7amento, representantes de escolas p\u00fablicas e privadas, al\u00e9m de institui\u00e7\u00f5es como APAE, APADA e SESI, refor\u00e7ando o compromisso do projeto com a inclus\u00e3o e o acesso \u00e0 cultura.<\/p>\n","protected":false},"excerpt":{"rendered":"<p>Na manh\u00e3 desta quinta-feira (27), foi realizado o lan\u00e7amento oficial do Musicanto Vai \u00e0 Escola. A a\u00e7\u00e3o aconteceu no audit\u00f3rio<\/p>\n","protected":false},"author":12,"featured_media":13336,"comment_status":"closed","ping_status":"closed","sticky":false,"template":"","format":"standard","meta":{"footnotes":""},"categories":[4,18],"tags":[],"class_list":["post-13334","post","type-post","status-publish","format-standard","has-post-thumbnail","hentry","category-noticias","category-secretaria-municipal-de-educacao-e-cultura"],"aioseo_notices":[],"_links":{"self":[{"href":"https:\/\/prefeitura.santarosa.rs.gov.br\/index.php?rest_route=\/wp\/v2\/posts\/13334","targetHints":{"allow":["GET"]}}],"collection":[{"href":"https:\/\/prefeitura.santarosa.rs.gov.br\/index.php?rest_route=\/wp\/v2\/posts"}],"about":[{"href":"https:\/\/prefeitura.santarosa.rs.gov.br\/index.php?rest_route=\/wp\/v2\/types\/post"}],"author":[{"embeddable":true,"href":"https:\/\/prefeitura.santarosa.rs.gov.br\/index.php?rest_route=\/wp\/v2\/users\/12"}],"replies":[{"embeddable":true,"href":"https:\/\/prefeitura.santarosa.rs.gov.br\/index.php?rest_route=%2Fwp%2Fv2%2Fcomments&post=13334"}],"version-history":[{"count":1,"href":"https:\/\/prefeitura.santarosa.rs.gov.br\/index.php?rest_route=\/wp\/v2\/posts\/13334\/revisions"}],"predecessor-version":[{"id":13340,"href":"https:\/\/prefeitura.santarosa.rs.gov.br\/index.php?rest_route=\/wp\/v2\/posts\/13334\/revisions\/13340"}],"wp:featuredmedia":[{"embeddable":true,"href":"https:\/\/prefeitura.santarosa.rs.gov.br\/index.php?rest_route=\/wp\/v2\/media\/13336"}],"wp:attachment":[{"href":"https:\/\/prefeitura.santarosa.rs.gov.br\/index.php?rest_route=%2Fwp%2Fv2%2Fmedia&parent=13334"}],"wp:term":[{"taxonomy":"category","embeddable":true,"href":"https:\/\/prefeitura.santarosa.rs.gov.br\/index.php?rest_route=%2Fwp%2Fv2%2Fcategories&post=13334"},{"taxonomy":"post_tag","embeddable":true,"href":"https:\/\/prefeitura.santarosa.rs.gov.br\/index.php?rest_route=%2Fwp%2Fv2%2Ftags&post=13334"}],"curies":[{"name":"wp","href":"https:\/\/api.w.org\/{rel}","templated":true}]}}