{"id":13301,"date":"2025-03-24T16:42:28","date_gmt":"2025-03-24T19:42:28","guid":{"rendered":"https:\/\/prefeitura.santarosa.rs.gov.br\/?p=13301"},"modified":"2025-03-24T16:42:28","modified_gmt":"2025-03-24T19:42:28","slug":"em-menos-de-um-mes-mais-de-mil-mudas-foram-distribuidas-pelo-programa-arboriza-santa-rosa","status":"publish","type":"post","link":"https:\/\/prefeitura.santarosa.rs.gov.br\/?p=13301","title":{"rendered":"Em menos de um m\u00eas, mais de mil mudas foram distribu\u00eddas pelo programa Arboriza Santa Rosa"},"content":{"rendered":"\n<figure class=\"wp-block-image size-full\"><img fetchpriority=\"high\" decoding=\"async\" width=\"860\" height=\"645\" src=\"https:\/\/prefeitura.santarosa.rs.gov.br\/wp-content\/uploads\/2025\/03\/Formato-Site-e-Portal-860X645-JPG-2025-03-24T164140.488.jpg\" alt=\"\" class=\"wp-image-13302\" srcset=\"https:\/\/prefeitura.santarosa.rs.gov.br\/wp-content\/uploads\/2025\/03\/Formato-Site-e-Portal-860X645-JPG-2025-03-24T164140.488.jpg 860w, https:\/\/prefeitura.santarosa.rs.gov.br\/wp-content\/uploads\/2025\/03\/Formato-Site-e-Portal-860X645-JPG-2025-03-24T164140.488-300x225.jpg 300w, https:\/\/prefeitura.santarosa.rs.gov.br\/wp-content\/uploads\/2025\/03\/Formato-Site-e-Portal-860X645-JPG-2025-03-24T164140.488-768x576.jpg 768w\" sizes=\"(max-width: 860px) 100vw, 860px\" \/><\/figure>\n\n\n\n<p>O objetivo inicial de distribuir mil mudas atrav\u00e9s do programa \u201cArboriza Santa Rosa\u201d, foi alcan\u00e7ado em menos de um m\u00eas. Na \u00faltima semana, foi conclu\u00edda com sucesso a primeira etapa do programa que \u00e9 promovido pela Prefeitura, por meio da Secretaria de Meio Ambiente. Durante esse per\u00edodo, foram distribu\u00eddas 1.024 mudas de diferentes esp\u00e9cies. Al\u00e9m disso, tamb\u00e9m houve a distribui\u00e7\u00e3o de mudas durante o evento Recicla Santa Rosa, realizado no \u00faltimo dia 15 de mar\u00e7o.<\/p>\n\n\n\n<p>A primeira etapa teve grande procura por parte dos cidad\u00e3os, agora o programa avan\u00e7a com a segunda fase sendo de responsabilidade do Governo Municipal, que ir\u00e1 realizar o plantio das mudas. O Secret\u00e1rio de Meio Ambiente, Gustavo Foliatti, destacou o sucesso da a\u00e7\u00e3o, &#8220;A ades\u00e3o da popula\u00e7\u00e3o foi al\u00e9m das expectativas, mostrando que nossa comunidade est\u00e1 comprometida com a preserva\u00e7\u00e3o ambiental. O programa n\u00e3o para por a\u00ed, agora n\u00f3s vamos plantar mais de 2 mil mudas de \u00e1rvores em Santa Rosa&#8221;.<\/p>\n\n\n\n<p>A pr\u00f3xima fase do programa est\u00e1 programada para come\u00e7ar em abril, com o plantio de 2 mil mudas em \u00e1reas verdes e em \u00e1reas de preserva\u00e7\u00e3o permanente do munic\u00edpio. O projeto continuar\u00e1 a promover a arboriza\u00e7\u00e3o urbana e rural, melhorando a qualidade do ar, a biodiversidade e a sustentabilidade ambiental da cidade.<\/p>\n","protected":false},"excerpt":{"rendered":"<p>O objetivo inicial de distribuir mil mudas atrav\u00e9s do programa \u201cArboriza Santa Rosa\u201d, foi alcan\u00e7ado em menos de um m\u00eas.<\/p>\n","protected":false},"author":12,"featured_media":13303,"comment_status":"closed","ping_status":"closed","sticky":false,"template":"","format":"standard","meta":{"footnotes":""},"categories":[4,20],"tags":[],"class_list":["post-13301","post","type-post","status-publish","format-standard","has-post-thumbnail","hentry","category-noticias","category-secretaria-municipal-de-meio-ambiente"],"aioseo_notices":[],"_links":{"self":[{"href":"https:\/\/prefeitura.santarosa.rs.gov.br\/index.php?rest_route=\/wp\/v2\/posts\/13301","targetHints":{"allow":["GET"]}}],"collection":[{"href":"https:\/\/prefeitura.santarosa.rs.gov.br\/index.php?rest_route=\/wp\/v2\/posts"}],"about":[{"href":"https:\/\/prefeitura.santarosa.rs.gov.br\/index.php?rest_route=\/wp\/v2\/types\/post"}],"author":[{"embeddable":true,"href":"https:\/\/prefeitura.santarosa.rs.gov.br\/index.php?rest_route=\/wp\/v2\/users\/12"}],"replies":[{"embeddable":true,"href":"https:\/\/prefeitura.santarosa.rs.gov.br\/index.php?rest_route=%2Fwp%2Fv2%2Fcomments&post=13301"}],"version-history":[{"count":1,"href":"https:\/\/prefeitura.santarosa.rs.gov.br\/index.php?rest_route=\/wp\/v2\/posts\/13301\/revisions"}],"predecessor-version":[{"id":13304,"href":"https:\/\/prefeitura.santarosa.rs.gov.br\/index.php?rest_route=\/wp\/v2\/posts\/13301\/revisions\/13304"}],"wp:featuredmedia":[{"embeddable":true,"href":"https:\/\/prefeitura.santarosa.rs.gov.br\/index.php?rest_route=\/wp\/v2\/media\/13303"}],"wp:attachment":[{"href":"https:\/\/prefeitura.santarosa.rs.gov.br\/index.php?rest_route=%2Fwp%2Fv2%2Fmedia&parent=13301"}],"wp:term":[{"taxonomy":"category","embeddable":true,"href":"https:\/\/prefeitura.santarosa.rs.gov.br\/index.php?rest_route=%2Fwp%2Fv2%2Fcategories&post=13301"},{"taxonomy":"post_tag","embeddable":true,"href":"https:\/\/prefeitura.santarosa.rs.gov.br\/index.php?rest_route=%2Fwp%2Fv2%2Ftags&post=13301"}],"curies":[{"name":"wp","href":"https:\/\/api.w.org\/{rel}","templated":true}]}}