{"id":13297,"date":"2025-03-24T16:39:03","date_gmt":"2025-03-24T19:39:03","guid":{"rendered":"https:\/\/prefeitura.santarosa.rs.gov.br\/?p=13297"},"modified":"2025-03-24T16:39:04","modified_gmt":"2025-03-24T19:39:04","slug":"copa-karate-para-todos-e-realizada-em-santa-rosa","status":"publish","type":"post","link":"https:\/\/prefeitura.santarosa.rs.gov.br\/?p=13297","title":{"rendered":"Copa Karat\u00ea Para Todos \u00e9 Realizada em Santa Rosa"},"content":{"rendered":"\n<figure class=\"wp-block-image size-full\"><img fetchpriority=\"high\" decoding=\"async\" width=\"860\" height=\"645\" src=\"https:\/\/prefeitura.santarosa.rs.gov.br\/wp-content\/uploads\/2025\/03\/Formato-Site-e-Portal-860X645-JPG-2025-03-24T163759.890.jpg\" alt=\"\" class=\"wp-image-13298\" srcset=\"https:\/\/prefeitura.santarosa.rs.gov.br\/wp-content\/uploads\/2025\/03\/Formato-Site-e-Portal-860X645-JPG-2025-03-24T163759.890.jpg 860w, https:\/\/prefeitura.santarosa.rs.gov.br\/wp-content\/uploads\/2025\/03\/Formato-Site-e-Portal-860X645-JPG-2025-03-24T163759.890-300x225.jpg 300w, https:\/\/prefeitura.santarosa.rs.gov.br\/wp-content\/uploads\/2025\/03\/Formato-Site-e-Portal-860X645-JPG-2025-03-24T163759.890-768x576.jpg 768w\" sizes=\"(max-width: 860px) 100vw, 860px\" \/><\/figure>\n\n\n\n<p>Neste domingo (24), a cidade de Santa Rosa foi palco da Copa Karat\u00ea Para Todos, evento esportivo promovido pela Prefeitura de Santa Rosa, por meio da Secretaria de Esporte, com o apoio da Federa\u00e7\u00e3o Ga\u00facha de Karat\u00ea Interestilos. A competi\u00e7\u00e3o reuniu aproximadamente 200 atletas, que participaram das modalidades de kata (sequ\u00eancia de movimentos) e kumite (luta). A atividade foi realizada no Gin\u00e1sio Jo\u00e3o Batista Moroni.<\/p>\n\n\n\n<p>A Copa teve como principal objetivo incentivar a pr\u00e1tica esportiva e proporcionar uma oportunidade de integra\u00e7\u00e3o e troca de experi\u00eancias entre os jovens. O Secret\u00e1rio de Esporte, Cauh\u00e3 Pereira da Silva, destacou a import\u00e2ncia do evento para o fortalecimento da modalidade na cidade e para o desenvolvimento dos atletas, &#8220;A Copa Karat\u00ea Para Todos al\u00e9m de ser uma competi\u00e7\u00e3o, \u00e9 tamb\u00e9m um momento de uni\u00e3o e aprendizado para todos os participantes. Nosso objetivo \u00e9 incentivar a continuidade da pr\u00e1tica do karat\u00ea e mostrar aos jovens os benef\u00edcios que o esporte pode trazer para a sa\u00fade e o bem-estar&#8221;.<\/p>\n\n\n\n<p>Durante o evento, as crian\u00e7as e adolescentes demonstraram o que aprenderam ao longo de sua trajet\u00f3ria no projeto Karat\u00ea Para Todos, que j\u00e1 conta com a participa\u00e7\u00e3o de 1.300 jovens, atendidos pela Prefeitura de Santa Rosa.<\/p>\n","protected":false},"excerpt":{"rendered":"<p>Neste domingo (24), a cidade de Santa Rosa foi palco da Copa Karat\u00ea Para Todos, evento esportivo promovido pela Prefeitura<\/p>\n","protected":false},"author":12,"featured_media":13299,"comment_status":"closed","ping_status":"closed","sticky":false,"template":"","format":"standard","meta":{"footnotes":""},"categories":[4,19],"tags":[],"class_list":["post-13297","post","type-post","status-publish","format-standard","has-post-thumbnail","hentry","category-noticias","category-secretaria-municipal-de-esporte"],"aioseo_notices":[],"_links":{"self":[{"href":"https:\/\/prefeitura.santarosa.rs.gov.br\/index.php?rest_route=\/wp\/v2\/posts\/13297","targetHints":{"allow":["GET"]}}],"collection":[{"href":"https:\/\/prefeitura.santarosa.rs.gov.br\/index.php?rest_route=\/wp\/v2\/posts"}],"about":[{"href":"https:\/\/prefeitura.santarosa.rs.gov.br\/index.php?rest_route=\/wp\/v2\/types\/post"}],"author":[{"embeddable":true,"href":"https:\/\/prefeitura.santarosa.rs.gov.br\/index.php?rest_route=\/wp\/v2\/users\/12"}],"replies":[{"embeddable":true,"href":"https:\/\/prefeitura.santarosa.rs.gov.br\/index.php?rest_route=%2Fwp%2Fv2%2Fcomments&post=13297"}],"version-history":[{"count":1,"href":"https:\/\/prefeitura.santarosa.rs.gov.br\/index.php?rest_route=\/wp\/v2\/posts\/13297\/revisions"}],"predecessor-version":[{"id":13300,"href":"https:\/\/prefeitura.santarosa.rs.gov.br\/index.php?rest_route=\/wp\/v2\/posts\/13297\/revisions\/13300"}],"wp:featuredmedia":[{"embeddable":true,"href":"https:\/\/prefeitura.santarosa.rs.gov.br\/index.php?rest_route=\/wp\/v2\/media\/13299"}],"wp:attachment":[{"href":"https:\/\/prefeitura.santarosa.rs.gov.br\/index.php?rest_route=%2Fwp%2Fv2%2Fmedia&parent=13297"}],"wp:term":[{"taxonomy":"category","embeddable":true,"href":"https:\/\/prefeitura.santarosa.rs.gov.br\/index.php?rest_route=%2Fwp%2Fv2%2Fcategories&post=13297"},{"taxonomy":"post_tag","embeddable":true,"href":"https:\/\/prefeitura.santarosa.rs.gov.br\/index.php?rest_route=%2Fwp%2Fv2%2Ftags&post=13297"}],"curies":[{"name":"wp","href":"https:\/\/api.w.org\/{rel}","templated":true}]}}