{"id":13293,"date":"2025-03-24T16:34:16","date_gmt":"2025-03-24T19:34:16","guid":{"rendered":"https:\/\/prefeitura.santarosa.rs.gov.br\/?p=13293"},"modified":"2025-03-24T16:34:16","modified_gmt":"2025-03-24T19:34:16","slug":"classica-da-soja-sicredi-reune-mais-de-250-ciclistas-em-santa-rosa","status":"publish","type":"post","link":"https:\/\/prefeitura.santarosa.rs.gov.br\/?p=13293","title":{"rendered":"Cl\u00e1ssica da Soja Sicredi re\u00fane mais de 250 ciclistas em Santa Rosa"},"content":{"rendered":"\n<figure class=\"wp-block-image size-full\"><img fetchpriority=\"high\" decoding=\"async\" width=\"860\" height=\"645\" src=\"https:\/\/prefeitura.santarosa.rs.gov.br\/wp-content\/uploads\/2025\/03\/Formato-Site-e-Portal-860X645-JPG-2025-03-24T163232.749.jpg\" alt=\"\" class=\"wp-image-13294\" srcset=\"https:\/\/prefeitura.santarosa.rs.gov.br\/wp-content\/uploads\/2025\/03\/Formato-Site-e-Portal-860X645-JPG-2025-03-24T163232.749.jpg 860w, https:\/\/prefeitura.santarosa.rs.gov.br\/wp-content\/uploads\/2025\/03\/Formato-Site-e-Portal-860X645-JPG-2025-03-24T163232.749-300x225.jpg 300w, https:\/\/prefeitura.santarosa.rs.gov.br\/wp-content\/uploads\/2025\/03\/Formato-Site-e-Portal-860X645-JPG-2025-03-24T163232.749-768x576.jpg 768w\" sizes=\"(max-width: 860px) 100vw, 860px\" \/><\/figure>\n\n\n\n<p>No \u00faltimo domingo, Santa Rosa recebeu a 5\u00aa Cl\u00e1ssica da Soja Sicredi, v\u00e1lida como segunda etapa do Campeonato Ga\u00facho de Ciclismo de Estrada 2025. Com largada no Parque de Exposi\u00e7\u00f5es Alfredo Leandro Carlson, o evento contou com mais de 250 atletas inscritos e foi marcado pelo alto n\u00edvel t\u00e9cnico. O circuito incluiu percursos desafiadores, com um pelot\u00e3o fazendo retorno em Cinquenten\u00e1rio e outro seguindo at\u00e9 Porto Mau\u00e1, antes de voltar ao Parque de Exposi\u00e7\u00f5es. O evento foi realizado com a parceria da Prefeitura de Santa Rosa, BRPhonia, Zuk Especializadas, Comando Rodovi\u00e1rio e Fenasoja.<\/p>\n\n\n\n<p>Entre os destaques da competi\u00e7\u00e3o, Cristian Lazzari, da equipe Ava\u00ed Florian\u00f3polis, venceu na categoria elite masculina, enquanto L\u00edbera Raquel, da equipe Fusion Race Team, de Panambi, conquistou o t\u00edtulo no feminino. Al\u00e9m das disputas de ciclismo, a Cl\u00e1ssica da Soja Sicredi trouxe um diferencial social ao evento, promovendo oficinas de ciclismo e atividades f\u00edsicas para crian\u00e7as, com participa\u00e7\u00e3o especial de associa\u00e7\u00f5es que atendem autistas e pessoas com s\u00edndrome de Down. O Secret\u00e1rio de Esporte de Santa Rosa, Cauh\u00e3 Pereira da Silva, acompanhou a prova e destacou o evento, \u201cA Cl\u00e1ssica da Soja Sicredi \u00e9 uma grande vitrine para o nosso munic\u00edpio, mostrando n\u00e3o apenas o potencial dos nossos atletas, mas tamb\u00e9m o compromisso da cidade com o esporte e com a inclus\u00e3o social\u201d.<\/p>\n\n\n\n<p>O evento teve apoio das prefeituras de Santa Rosa, Tuparendi e Porto Mau\u00e1. A seguran\u00e7a dos atletas foi garantida gra\u00e7as ao trabalho da Pol\u00edcia Rodovi\u00e1ria Estadual e do batalh\u00e3o de motos da Brigada Militar. Tr\u00eas ambul\u00e2ncias tamb\u00e9m estiveram de prontid\u00e3o para atendimento, refor\u00e7ando a estrutura de seguran\u00e7a da prova.<\/p>\n\n\n\n<p><\/p>\n","protected":false},"excerpt":{"rendered":"<p>No \u00faltimo domingo, Santa Rosa recebeu a 5\u00aa Cl\u00e1ssica da Soja Sicredi, v\u00e1lida como segunda etapa do Campeonato Ga\u00facho de<\/p>\n","protected":false},"author":12,"featured_media":13295,"comment_status":"closed","ping_status":"closed","sticky":false,"template":"","format":"standard","meta":{"footnotes":""},"categories":[4,19],"tags":[],"class_list":["post-13293","post","type-post","status-publish","format-standard","has-post-thumbnail","hentry","category-noticias","category-secretaria-municipal-de-esporte"],"aioseo_notices":[],"_links":{"self":[{"href":"https:\/\/prefeitura.santarosa.rs.gov.br\/index.php?rest_route=\/wp\/v2\/posts\/13293","targetHints":{"allow":["GET"]}}],"collection":[{"href":"https:\/\/prefeitura.santarosa.rs.gov.br\/index.php?rest_route=\/wp\/v2\/posts"}],"about":[{"href":"https:\/\/prefeitura.santarosa.rs.gov.br\/index.php?rest_route=\/wp\/v2\/types\/post"}],"author":[{"embeddable":true,"href":"https:\/\/prefeitura.santarosa.rs.gov.br\/index.php?rest_route=\/wp\/v2\/users\/12"}],"replies":[{"embeddable":true,"href":"https:\/\/prefeitura.santarosa.rs.gov.br\/index.php?rest_route=%2Fwp%2Fv2%2Fcomments&post=13293"}],"version-history":[{"count":1,"href":"https:\/\/prefeitura.santarosa.rs.gov.br\/index.php?rest_route=\/wp\/v2\/posts\/13293\/revisions"}],"predecessor-version":[{"id":13296,"href":"https:\/\/prefeitura.santarosa.rs.gov.br\/index.php?rest_route=\/wp\/v2\/posts\/13293\/revisions\/13296"}],"wp:featuredmedia":[{"embeddable":true,"href":"https:\/\/prefeitura.santarosa.rs.gov.br\/index.php?rest_route=\/wp\/v2\/media\/13295"}],"wp:attachment":[{"href":"https:\/\/prefeitura.santarosa.rs.gov.br\/index.php?rest_route=%2Fwp%2Fv2%2Fmedia&parent=13293"}],"wp:term":[{"taxonomy":"category","embeddable":true,"href":"https:\/\/prefeitura.santarosa.rs.gov.br\/index.php?rest_route=%2Fwp%2Fv2%2Fcategories&post=13293"},{"taxonomy":"post_tag","embeddable":true,"href":"https:\/\/prefeitura.santarosa.rs.gov.br\/index.php?rest_route=%2Fwp%2Fv2%2Ftags&post=13293"}],"curies":[{"name":"wp","href":"https:\/\/api.w.org\/{rel}","templated":true}]}}