{"id":13284,"date":"2025-03-21T16:23:25","date_gmt":"2025-03-21T19:23:25","guid":{"rendered":"https:\/\/prefeitura.santarosa.rs.gov.br\/?p=13284"},"modified":"2025-03-21T16:23:25","modified_gmt":"2025-03-21T19:23:25","slug":"prefeitura-promove-workshop-sobre-autoestima-feminina-em-comemoracao-ao-mes-da-mulher","status":"publish","type":"post","link":"https:\/\/prefeitura.santarosa.rs.gov.br\/?p=13284","title":{"rendered":"Prefeitura promove workshop sobre autoestima feminina em comemora\u00e7\u00e3o ao M\u00eas da Mulher"},"content":{"rendered":"\n<figure class=\"wp-block-image size-full\"><img fetchpriority=\"high\" decoding=\"async\" width=\"860\" height=\"645\" src=\"https:\/\/prefeitura.santarosa.rs.gov.br\/wp-content\/uploads\/2025\/03\/Formato-Site-e-Portal-860X645-JPG-2025-03-21T162231.236.jpg\" alt=\"\" class=\"wp-image-13285\" srcset=\"https:\/\/prefeitura.santarosa.rs.gov.br\/wp-content\/uploads\/2025\/03\/Formato-Site-e-Portal-860X645-JPG-2025-03-21T162231.236.jpg 860w, https:\/\/prefeitura.santarosa.rs.gov.br\/wp-content\/uploads\/2025\/03\/Formato-Site-e-Portal-860X645-JPG-2025-03-21T162231.236-300x225.jpg 300w, https:\/\/prefeitura.santarosa.rs.gov.br\/wp-content\/uploads\/2025\/03\/Formato-Site-e-Portal-860X645-JPG-2025-03-21T162231.236-768x576.jpg 768w\" sizes=\"(max-width: 860px) 100vw, 860px\" \/><\/figure>\n\n\n\n<p>Em celebra\u00e7\u00e3o ao M\u00eas da Mulher, a Prefeitura, por meio do Centro de Refer\u00eancia Regional de Atendimento \u00e0 Mulher (CRRM), vinculado \u00e0 Secretaria de Desenvolvimento Social, realizou um workshop com o tema \u201cO poder da autoestima\u201d. O evento contou com a participa\u00e7\u00e3o de mais de 100 pessoas, incluindo mulheres atendidas pelo CRRM, autoridades, representantes de entidades e convidadas especiais.<\/p>\n\n\n\n<p>A atividade teve como foco proporcionar um espa\u00e7o de reflex\u00e3o sobre os valores e a autoestima feminina, destacando a import\u00e2ncia do empoderamento e do fortalecimento das mulheres na sociedade. A gerente do CRRM, Elaine Alves, ressaltou a relev\u00e2ncia da a\u00e7\u00e3o, \u201cO valor da mulher na sociedade \u00e9 fundamental, por isso precisamos cada vez mais valoriz\u00e1-las e fortalec\u00ea-las para que se sintam cada vez mais capacitadas, tanto pela fam\u00edlia quanto pela sociedade\u201d.<\/p>\n\n\n\n<p>O evento foi uma oportunidade para que as participantes compartilhassem experi\u00eancias, discutissem quest\u00f5es de autoestima e se sentissem acolhidas em um ambiente de apoio e fortalecimento m\u00fatuo.<\/p>\n","protected":false},"excerpt":{"rendered":"<p>Em celebra\u00e7\u00e3o ao M\u00eas da Mulher, a Prefeitura, por meio do Centro de Refer\u00eancia Regional de Atendimento \u00e0 Mulher (CRRM),<\/p>\n","protected":false},"author":6,"featured_media":13286,"comment_status":"closed","ping_status":"open","sticky":false,"template":"","format":"standard","meta":{"footnotes":""},"categories":[4,17],"tags":[],"class_list":["post-13284","post","type-post","status-publish","format-standard","has-post-thumbnail","hentry","category-noticias","category-secretaria-municipal-de-desenvolvimento-social"],"aioseo_notices":[],"_links":{"self":[{"href":"https:\/\/prefeitura.santarosa.rs.gov.br\/index.php?rest_route=\/wp\/v2\/posts\/13284","targetHints":{"allow":["GET"]}}],"collection":[{"href":"https:\/\/prefeitura.santarosa.rs.gov.br\/index.php?rest_route=\/wp\/v2\/posts"}],"about":[{"href":"https:\/\/prefeitura.santarosa.rs.gov.br\/index.php?rest_route=\/wp\/v2\/types\/post"}],"author":[{"embeddable":true,"href":"https:\/\/prefeitura.santarosa.rs.gov.br\/index.php?rest_route=\/wp\/v2\/users\/6"}],"replies":[{"embeddable":true,"href":"https:\/\/prefeitura.santarosa.rs.gov.br\/index.php?rest_route=%2Fwp%2Fv2%2Fcomments&post=13284"}],"version-history":[{"count":1,"href":"https:\/\/prefeitura.santarosa.rs.gov.br\/index.php?rest_route=\/wp\/v2\/posts\/13284\/revisions"}],"predecessor-version":[{"id":13287,"href":"https:\/\/prefeitura.santarosa.rs.gov.br\/index.php?rest_route=\/wp\/v2\/posts\/13284\/revisions\/13287"}],"wp:featuredmedia":[{"embeddable":true,"href":"https:\/\/prefeitura.santarosa.rs.gov.br\/index.php?rest_route=\/wp\/v2\/media\/13286"}],"wp:attachment":[{"href":"https:\/\/prefeitura.santarosa.rs.gov.br\/index.php?rest_route=%2Fwp%2Fv2%2Fmedia&parent=13284"}],"wp:term":[{"taxonomy":"category","embeddable":true,"href":"https:\/\/prefeitura.santarosa.rs.gov.br\/index.php?rest_route=%2Fwp%2Fv2%2Fcategories&post=13284"},{"taxonomy":"post_tag","embeddable":true,"href":"https:\/\/prefeitura.santarosa.rs.gov.br\/index.php?rest_route=%2Fwp%2Fv2%2Ftags&post=13284"}],"curies":[{"name":"wp","href":"https:\/\/api.w.org\/{rel}","templated":true}]}}