{"id":13279,"date":"2025-03-21T16:18:47","date_gmt":"2025-03-21T19:18:47","guid":{"rendered":"https:\/\/prefeitura.santarosa.rs.gov.br\/?p=13279"},"modified":"2025-03-21T16:18:47","modified_gmt":"2025-03-21T19:18:47","slug":"patinadores-de-santa-rosa-e-regiao-se-destacam-no-campeonato-brasileiro-2025","status":"publish","type":"post","link":"https:\/\/prefeitura.santarosa.rs.gov.br\/?p=13279","title":{"rendered":"Patinadores de Santa Rosa e regi\u00e3o se destacam no Campeonato Brasileiro 2025"},"content":{"rendered":"\n<figure class=\"wp-block-image size-full\"><img fetchpriority=\"high\" decoding=\"async\" width=\"860\" height=\"645\" src=\"https:\/\/prefeitura.santarosa.rs.gov.br\/wp-content\/uploads\/2025\/03\/Formato-Site-e-Portal-860X645-JPG-2025-03-21T150410.768.jpg\" alt=\"\" class=\"wp-image-13281\" srcset=\"https:\/\/prefeitura.santarosa.rs.gov.br\/wp-content\/uploads\/2025\/03\/Formato-Site-e-Portal-860X645-JPG-2025-03-21T150410.768.jpg 860w, https:\/\/prefeitura.santarosa.rs.gov.br\/wp-content\/uploads\/2025\/03\/Formato-Site-e-Portal-860X645-JPG-2025-03-21T150410.768-300x225.jpg 300w, https:\/\/prefeitura.santarosa.rs.gov.br\/wp-content\/uploads\/2025\/03\/Formato-Site-e-Portal-860X645-JPG-2025-03-21T150410.768-768x576.jpg 768w\" sizes=\"(max-width: 860px) 100vw, 860px\" \/><\/figure>\n\n\n\n<p>Atletas da Academia Trans Na\u00e7\u00e3o tiveram destaque no Campeonato Brasileiro e Torneio Nacional de Patina\u00e7\u00e3o Art\u00edstica 2025, que aconteceu em Ven\u00e2ncio Aires\/RS. No total, 16 patinadores representando Santa Rosa e regi\u00e3o participaram deste evento que \u00e9 o mais importante da temporada, j\u00e1 que classifica o ranking para as convoca\u00e7\u00f5es da Sele\u00e7\u00e3o Brasileira. No total, foram conquistadas 23 medalhas.<\/p>\n\n\n\n<p>A partir dos seus resultados, os patinadores, Manuela, Helo\u00edsa e Eduardo foram convocados para integrar a Sele\u00e7\u00e3o Brasileira nas duas etapas de Semifinais da Copa do Mundo, a \u201cArtistic Internacional Series\u201d, em Buenos Aires na Argentina e Trieste na It\u00e1lia. O Secret\u00e1rio de Esporte, Cauh\u00e3 Pereira da Silva, destacou as importantes conquistas obtidas pelo grupo, \u201cO desempenho dos nossos atletas em diversos campeonatos \u00e9 motivo de muito orgulho para a cidade e para a regi\u00e3o. Sabemos do compromisso da Academia Trans Na\u00e7\u00e3o, que \u00e9 uma inspira\u00e7\u00e3o e exemplo de dedica\u00e7\u00e3o ao esporte. Com os resultados alcan\u00e7ados, estamos vendo o reconhecimento de nossa regi\u00e3o no cen\u00e1rio nacional e internacional da patina\u00e7\u00e3o art\u00edstica\u201d.<\/p>\n\n\n\n<p>A Academia de Patina\u00e7\u00e3o Trans Na\u00e7\u00e3o trabalha h\u00e1 mais de 30 anos, na pr\u00e1tica e desenvolvimento da patina\u00e7\u00e3o art\u00edstica, e \u00e9 a \u00fanica escola da regi\u00e3o filiada \u00e0 Federa\u00e7\u00e3o Ga\u00facha de Patinagem (FGP) e Confedera\u00e7\u00e3o Skate Brasil (CSB). Al\u00e9m das aulas em Santa Rosa, a escola conta com aulas para todas as idades em Horizontina, Tr\u00eas de Maio, Giru\u00e1 e Santo Cristo. A escola \u00e9 dirigida pelas t\u00e9cnicas, Michele e Vanessa Flores e conta tamb\u00e9m com o trabalho da t\u00e9cnica Carolina Rebellato, todas qualificadas e habilitadas pela CSB.<\/p>\n","protected":false},"excerpt":{"rendered":"<p>Atletas da Academia Trans Na\u00e7\u00e3o tiveram destaque no Campeonato Brasileiro e Torneio Nacional de Patina\u00e7\u00e3o Art\u00edstica 2025, que aconteceu em<\/p>\n","protected":false},"author":6,"featured_media":13282,"comment_status":"closed","ping_status":"open","sticky":false,"template":"","format":"standard","meta":{"footnotes":""},"categories":[4,19],"tags":[],"class_list":["post-13279","post","type-post","status-publish","format-standard","has-post-thumbnail","hentry","category-noticias","category-secretaria-municipal-de-esporte"],"aioseo_notices":[],"_links":{"self":[{"href":"https:\/\/prefeitura.santarosa.rs.gov.br\/index.php?rest_route=\/wp\/v2\/posts\/13279","targetHints":{"allow":["GET"]}}],"collection":[{"href":"https:\/\/prefeitura.santarosa.rs.gov.br\/index.php?rest_route=\/wp\/v2\/posts"}],"about":[{"href":"https:\/\/prefeitura.santarosa.rs.gov.br\/index.php?rest_route=\/wp\/v2\/types\/post"}],"author":[{"embeddable":true,"href":"https:\/\/prefeitura.santarosa.rs.gov.br\/index.php?rest_route=\/wp\/v2\/users\/6"}],"replies":[{"embeddable":true,"href":"https:\/\/prefeitura.santarosa.rs.gov.br\/index.php?rest_route=%2Fwp%2Fv2%2Fcomments&post=13279"}],"version-history":[{"count":1,"href":"https:\/\/prefeitura.santarosa.rs.gov.br\/index.php?rest_route=\/wp\/v2\/posts\/13279\/revisions"}],"predecessor-version":[{"id":13283,"href":"https:\/\/prefeitura.santarosa.rs.gov.br\/index.php?rest_route=\/wp\/v2\/posts\/13279\/revisions\/13283"}],"wp:featuredmedia":[{"embeddable":true,"href":"https:\/\/prefeitura.santarosa.rs.gov.br\/index.php?rest_route=\/wp\/v2\/media\/13282"}],"wp:attachment":[{"href":"https:\/\/prefeitura.santarosa.rs.gov.br\/index.php?rest_route=%2Fwp%2Fv2%2Fmedia&parent=13279"}],"wp:term":[{"taxonomy":"category","embeddable":true,"href":"https:\/\/prefeitura.santarosa.rs.gov.br\/index.php?rest_route=%2Fwp%2Fv2%2Fcategories&post=13279"},{"taxonomy":"post_tag","embeddable":true,"href":"https:\/\/prefeitura.santarosa.rs.gov.br\/index.php?rest_route=%2Fwp%2Fv2%2Ftags&post=13279"}],"curies":[{"name":"wp","href":"https:\/\/api.w.org\/{rel}","templated":true}]}}