{"id":13275,"date":"2025-03-21T16:15:39","date_gmt":"2025-03-21T19:15:39","guid":{"rendered":"https:\/\/prefeitura.santarosa.rs.gov.br\/?p=13275"},"modified":"2025-03-21T16:15:39","modified_gmt":"2025-03-21T19:15:39","slug":"novos-semaforos-em-santa-rosa-municipio-conta-com-o-primeiro-equipamento-em-braille","status":"publish","type":"post","link":"https:\/\/prefeitura.santarosa.rs.gov.br\/?p=13275","title":{"rendered":"Novos sem\u00e1foros em Santa Rosa: munic\u00edpio conta com o primeiro equipamento em braille"},"content":{"rendered":"\n<figure class=\"wp-block-image size-full\"><img fetchpriority=\"high\" decoding=\"async\" width=\"860\" height=\"645\" src=\"https:\/\/prefeitura.santarosa.rs.gov.br\/wp-content\/uploads\/2025\/03\/Formato-Site-e-Portal-860X645-JPG-2025-03-21T161502.168.jpg\" alt=\"\" class=\"wp-image-13276\" srcset=\"https:\/\/prefeitura.santarosa.rs.gov.br\/wp-content\/uploads\/2025\/03\/Formato-Site-e-Portal-860X645-JPG-2025-03-21T161502.168.jpg 860w, https:\/\/prefeitura.santarosa.rs.gov.br\/wp-content\/uploads\/2025\/03\/Formato-Site-e-Portal-860X645-JPG-2025-03-21T161502.168-300x225.jpg 300w, https:\/\/prefeitura.santarosa.rs.gov.br\/wp-content\/uploads\/2025\/03\/Formato-Site-e-Portal-860X645-JPG-2025-03-21T161502.168-768x576.jpg 768w\" sizes=\"(max-width: 860px) 100vw, 860px\" \/><\/figure>\n\n\n\n<p>A Prefeitura, por meio da Secretaria de Mobilidade Urbana, instalou nesta quinta-feira (20), um novo sem\u00e1foro na Av. Tuparendi, no cruzamento com a Rua Nolar Kruel. Al\u00e9m do sem\u00e1foro tradicional, foi instalado tamb\u00e9m o primeiro sem\u00e1foro em braille para pedestres. A equipe da secretaria ressalta que o sem\u00e1foro de pedestres s\u00f3 \u00e9 acionado quando o bot\u00e3o \u00e9 apertado e que no local h\u00e1 uma placa sinalizando essa informa\u00e7\u00e3o.<\/p>\n\n\n\n<p>A orienta\u00e7\u00e3o aos motoristas e pedestres \u00e9 de cautela nesse momento de mudan\u00e7a e para que sigam a sinaliza\u00e7\u00e3o. O Secret\u00e1rio de Mobilidade Urbana, Gilberto Kr\u00fcger, destacou a a\u00e7\u00e3o, &#8220;A instala\u00e7\u00e3o desses novos equipamentos visa melhorar a fluidez do tr\u00e2nsito e tamb\u00e9m proporcionar acessibilidade e seguran\u00e7a para todos os usu\u00e1rios da via&#8221;.<\/p>\n\n\n\n<p>Os dois novos sem\u00e1foros (de ve\u00edculos e pedestres) fazem parte do Plano de Mobilidade Urbana, elaborado com estudos da Fundatec. A instala\u00e7\u00e3o nesse local foi motivada pelo grande fluxo de ve\u00edculos na regi\u00e3o e pela notifica\u00e7\u00e3o de acidentes na \u00e1rea.<\/p>\n","protected":false},"excerpt":{"rendered":"<p>A Prefeitura, por meio da Secretaria de Mobilidade Urbana, instalou nesta quinta-feira (20), um novo sem\u00e1foro na Av. Tuparendi, no<\/p>\n","protected":false},"author":6,"featured_media":13277,"comment_status":"closed","ping_status":"open","sticky":false,"template":"","format":"standard","meta":{"footnotes":""},"categories":[4,27],"tags":[],"class_list":["post-13275","post","type-post","status-publish","format-standard","has-post-thumbnail","hentry","category-noticias","category-secretaria-municipal-de-mobilidade-urbana"],"aioseo_notices":[],"_links":{"self":[{"href":"https:\/\/prefeitura.santarosa.rs.gov.br\/index.php?rest_route=\/wp\/v2\/posts\/13275","targetHints":{"allow":["GET"]}}],"collection":[{"href":"https:\/\/prefeitura.santarosa.rs.gov.br\/index.php?rest_route=\/wp\/v2\/posts"}],"about":[{"href":"https:\/\/prefeitura.santarosa.rs.gov.br\/index.php?rest_route=\/wp\/v2\/types\/post"}],"author":[{"embeddable":true,"href":"https:\/\/prefeitura.santarosa.rs.gov.br\/index.php?rest_route=\/wp\/v2\/users\/6"}],"replies":[{"embeddable":true,"href":"https:\/\/prefeitura.santarosa.rs.gov.br\/index.php?rest_route=%2Fwp%2Fv2%2Fcomments&post=13275"}],"version-history":[{"count":1,"href":"https:\/\/prefeitura.santarosa.rs.gov.br\/index.php?rest_route=\/wp\/v2\/posts\/13275\/revisions"}],"predecessor-version":[{"id":13278,"href":"https:\/\/prefeitura.santarosa.rs.gov.br\/index.php?rest_route=\/wp\/v2\/posts\/13275\/revisions\/13278"}],"wp:featuredmedia":[{"embeddable":true,"href":"https:\/\/prefeitura.santarosa.rs.gov.br\/index.php?rest_route=\/wp\/v2\/media\/13277"}],"wp:attachment":[{"href":"https:\/\/prefeitura.santarosa.rs.gov.br\/index.php?rest_route=%2Fwp%2Fv2%2Fmedia&parent=13275"}],"wp:term":[{"taxonomy":"category","embeddable":true,"href":"https:\/\/prefeitura.santarosa.rs.gov.br\/index.php?rest_route=%2Fwp%2Fv2%2Fcategories&post=13275"},{"taxonomy":"post_tag","embeddable":true,"href":"https:\/\/prefeitura.santarosa.rs.gov.br\/index.php?rest_route=%2Fwp%2Fv2%2Ftags&post=13275"}],"curies":[{"name":"wp","href":"https:\/\/api.w.org\/{rel}","templated":true}]}}