{"id":13271,"date":"2025-03-21T16:12:46","date_gmt":"2025-03-21T19:12:46","guid":{"rendered":"https:\/\/prefeitura.santarosa.rs.gov.br\/?p=13271"},"modified":"2025-03-21T16:12:46","modified_gmt":"2025-03-21T19:12:46","slug":"prefeito-anderson-e-o-convidado-da-primeira-edicao-de-2025-do-cafe-de-negocios-do-sindilojas","status":"publish","type":"post","link":"https:\/\/prefeitura.santarosa.rs.gov.br\/?p=13271","title":{"rendered":"Prefeito Anderson \u00e9 o convidado da primeira edi\u00e7\u00e3o de 2025 do Caf\u00e9 de Neg\u00f3cios do Sindilojas"},"content":{"rendered":"\n<figure class=\"wp-block-image size-full\"><img fetchpriority=\"high\" decoding=\"async\" width=\"860\" height=\"645\" src=\"https:\/\/prefeitura.santarosa.rs.gov.br\/wp-content\/uploads\/2025\/03\/Formato-Site-e-Portal-860X645-JPG-2025-03-21T150435.087.jpg\" alt=\"\" class=\"wp-image-13272\" srcset=\"https:\/\/prefeitura.santarosa.rs.gov.br\/wp-content\/uploads\/2025\/03\/Formato-Site-e-Portal-860X645-JPG-2025-03-21T150435.087.jpg 860w, https:\/\/prefeitura.santarosa.rs.gov.br\/wp-content\/uploads\/2025\/03\/Formato-Site-e-Portal-860X645-JPG-2025-03-21T150435.087-300x225.jpg 300w, https:\/\/prefeitura.santarosa.rs.gov.br\/wp-content\/uploads\/2025\/03\/Formato-Site-e-Portal-860X645-JPG-2025-03-21T150435.087-768x576.jpg 768w\" sizes=\"(max-width: 860px) 100vw, 860px\" \/><\/figure>\n\n\n\n<p>Na manh\u00e3 desta sexta-feira (21), foi realizada a primeira edi\u00e7\u00e3o de 2025 do Caf\u00e9 de Neg\u00f3cios, promovido pelo Sindilojas, na Uniju\u00ed. O evento, que reuniu um audit\u00f3rio lotado com empres\u00e1rios, autoridades e representantes de diversas institui\u00e7\u00f5es, teve como palestrante o Prefeito Anderson Mantei. Durante sua palestra, o prefeito apresentou os avan\u00e7os e projetos importantes que est\u00e3o transformando Santa Rosa, com destaque para a seguran\u00e7a, aeroporto e mobilidade urbana.<\/p>\n\n\n\n<p>Um dos temas abordados foi o novo sistema de v\u00eddeo monitoramento e cercamento eletr\u00f4nico que ser\u00e1 implementado no munic\u00edpio. Hoje, Santa Rosa conta com 26 c\u00e2meras de monitoramento e 8 pontos de cercamento eletr\u00f4nico, mas com a implementa\u00e7\u00e3o do novo projeto, esse n\u00famero aumentar\u00e1 consideravelmente, alcan\u00e7ando 198 c\u00e2meras e 16 pontos de cercamento (ao todo ser\u00e3o 238 equipamentos). Al\u00e9m disso, ser\u00e3o instalados 2 totens de Alarme de P\u00e2nico, com c\u00e2meras integradas, nos m\u00f3dulos da Brigada Militar, para facilitar as chamadas de emerg\u00eancia. O investimento total ser\u00e1 de R$ 1,9 milh\u00e3o, sendo R$ 1 milh\u00e3o provenientes de uma emenda parlamentar do Deputado Federal Sanderson, que estava presente no evento e destacou a parceria com Santa Rosa, destacando que a seguran\u00e7a \u00e9 a base de tudo para o desenvolvimento de um munic\u00edpio.<\/p>\n\n\n\n<p>Anderson tamb\u00e9m apresentou um panorama das grandes obras de infraestrutura em andamento na cidade, incluindo a amplia\u00e7\u00e3o do Aeroporto Municipal Lu\u00eds Alberto Lehr. A obra est\u00e1 na fase de terraplanagem e montagem do canteiro de obras. Com a conclus\u00e3o da amplia\u00e7\u00e3o da pista, o aeroporto ter\u00e1 capacidade para receber avi\u00f5es de at\u00e9 150 passageiros, \u201cAl\u00e9m de voos regulares para Porto Alegre e S\u00e3o Paulo, n\u00f3s tamb\u00e9m queremos uma rota para Foz do Igua\u00e7u e Mato Grosso. J\u00e1 fiz contato com empresas e existe essa viabilidade de termos essa rota aqui, pois sabemos que h\u00e1 essa demanda para a nossa regi\u00e3o, e vamos buscar tamb\u00e9m essa amplia\u00e7\u00e3o\u201d, destacou Mantei.<\/p>\n\n\n\n<p>Outro tema destacado pelo prefeito foi o Plano de Mobilidade Urbana, que ter\u00e1 sua primeira fase implementada em breve, trazendo melhorias significativas para o tr\u00e2nsito. Anderson falou tamb\u00e9m sobre algumas vias estruturantes que est\u00e3o em andamento na cidade, como a recente assinatura da ordem de in\u00edcio da Rua Alfa Centauro que ir\u00e1 ligar a Avenida Expedicion\u00e1rio Weber com a Avenida Am\u00e9rica. Al\u00e9m disso, o prefeito enfatizou a import\u00e2ncia desses projetos para o desenvolvimento de Santa Rosa, mencionando que as melhorias em seguran\u00e7a, mobilidade e infraestrutura s\u00e3o fundamentais para atrair novos investimentos, gerar mais empregos e melhorar a qualidade de vida dos cidad\u00e3os.<\/p>\n","protected":false},"excerpt":{"rendered":"<p>Na manh\u00e3 desta sexta-feira (21), foi realizada a primeira edi\u00e7\u00e3o de 2025 do Caf\u00e9 de Neg\u00f3cios, promovido pelo Sindilojas, na<\/p>\n","protected":false},"author":6,"featured_media":13273,"comment_status":"closed","ping_status":"open","sticky":false,"template":"","format":"standard","meta":{"footnotes":""},"categories":[4,3],"tags":[],"class_list":["post-13271","post","type-post","status-publish","format-standard","has-post-thumbnail","hentry","category-noticias","category-gabinete-do-prefeito"],"aioseo_notices":[],"_links":{"self":[{"href":"https:\/\/prefeitura.santarosa.rs.gov.br\/index.php?rest_route=\/wp\/v2\/posts\/13271","targetHints":{"allow":["GET"]}}],"collection":[{"href":"https:\/\/prefeitura.santarosa.rs.gov.br\/index.php?rest_route=\/wp\/v2\/posts"}],"about":[{"href":"https:\/\/prefeitura.santarosa.rs.gov.br\/index.php?rest_route=\/wp\/v2\/types\/post"}],"author":[{"embeddable":true,"href":"https:\/\/prefeitura.santarosa.rs.gov.br\/index.php?rest_route=\/wp\/v2\/users\/6"}],"replies":[{"embeddable":true,"href":"https:\/\/prefeitura.santarosa.rs.gov.br\/index.php?rest_route=%2Fwp%2Fv2%2Fcomments&post=13271"}],"version-history":[{"count":1,"href":"https:\/\/prefeitura.santarosa.rs.gov.br\/index.php?rest_route=\/wp\/v2\/posts\/13271\/revisions"}],"predecessor-version":[{"id":13274,"href":"https:\/\/prefeitura.santarosa.rs.gov.br\/index.php?rest_route=\/wp\/v2\/posts\/13271\/revisions\/13274"}],"wp:featuredmedia":[{"embeddable":true,"href":"https:\/\/prefeitura.santarosa.rs.gov.br\/index.php?rest_route=\/wp\/v2\/media\/13273"}],"wp:attachment":[{"href":"https:\/\/prefeitura.santarosa.rs.gov.br\/index.php?rest_route=%2Fwp%2Fv2%2Fmedia&parent=13271"}],"wp:term":[{"taxonomy":"category","embeddable":true,"href":"https:\/\/prefeitura.santarosa.rs.gov.br\/index.php?rest_route=%2Fwp%2Fv2%2Fcategories&post=13271"},{"taxonomy":"post_tag","embeddable":true,"href":"https:\/\/prefeitura.santarosa.rs.gov.br\/index.php?rest_route=%2Fwp%2Fv2%2Ftags&post=13271"}],"curies":[{"name":"wp","href":"https:\/\/api.w.org\/{rel}","templated":true}]}}