{"id":13266,"date":"2025-03-21T14:42:47","date_gmt":"2025-03-21T17:42:47","guid":{"rendered":"https:\/\/prefeitura.santarosa.rs.gov.br\/?p=13266"},"modified":"2025-03-21T14:42:47","modified_gmt":"2025-03-21T17:42:47","slug":"nova-obra-de-ligacao-entre-a-av-expedicionario-weber-e-a-av-america","status":"publish","type":"post","link":"https:\/\/prefeitura.santarosa.rs.gov.br\/?p=13266","title":{"rendered":"Nova obra de liga\u00e7\u00e3o entre a Av. Expedicion\u00e1rio Weber e a Av. Am\u00e9rica"},"content":{"rendered":"\n<figure class=\"wp-block-image size-full\"><img fetchpriority=\"high\" decoding=\"async\" width=\"860\" height=\"645\" src=\"https:\/\/prefeitura.santarosa.rs.gov.br\/wp-content\/uploads\/2025\/03\/Formato-Site-e-Portal-860X645-JPG-2025-03-21T144127.139.jpg\" alt=\"\" class=\"wp-image-13267\" srcset=\"https:\/\/prefeitura.santarosa.rs.gov.br\/wp-content\/uploads\/2025\/03\/Formato-Site-e-Portal-860X645-JPG-2025-03-21T144127.139.jpg 860w, https:\/\/prefeitura.santarosa.rs.gov.br\/wp-content\/uploads\/2025\/03\/Formato-Site-e-Portal-860X645-JPG-2025-03-21T144127.139-300x225.jpg 300w, https:\/\/prefeitura.santarosa.rs.gov.br\/wp-content\/uploads\/2025\/03\/Formato-Site-e-Portal-860X645-JPG-2025-03-21T144127.139-768x576.jpg 768w\" sizes=\"(max-width: 860px) 100vw, 860px\" \/><\/figure>\n\n\n\n<p>O Governo Municipal deu in\u00edcio a mais uma obra estruturante que visa melhorar a mobilidade urbana e a infraestrutura da cidade. Desta vez, o projeto contempla a pavimenta\u00e7\u00e3o asf\u00e1ltica da Rua Alfa Centauro, localizada no bairro Cruzeiro. Com um investimento superior a R$ 4,5 milh\u00f5es, a obra ir\u00e1 beneficiar a popula\u00e7\u00e3o que transita por essa importante via que ter\u00e1 liga\u00e7\u00e3o com a Av. Am\u00e9rica.<\/p>\n\n\n\n<p>O projeto contempla 788 metros lineares de extens\u00e3o e uma \u00e1rea de 11.946,54 metros quadrados, no trecho entre a Rua \u00c2ngelo Massaia e a Avenida Am\u00e9rica. O vice-prefeito Aldemir Ulrich destacou a import\u00e2ncia da obra para o desenvolvimento da cidade, &#8220;Essa ser\u00e1 a terceira liga\u00e7\u00e3o realizada pela Administra\u00e7\u00e3o Municipal entre a Avenida Expedicion\u00e1rio Weber e a Avenida Am\u00e9rica, oferecendo uma nova alternativa para a circula\u00e7\u00e3o de ve\u00edculos e melhorando o tr\u00e1fego na regi\u00e3o\u201d.<\/p>\n\n\n\n<p>A ordem de in\u00edcio foi realizada durante o encontro semanal com os vereadores. A obra ter\u00e1 um prazo de execu\u00e7\u00e3o de 270 dias, conforme o contrato. Al\u00e9m da pavimenta\u00e7\u00e3o asf\u00e1ltica, est\u00e3o previstos diversos servi\u00e7os complementares como, terraplanagem, aplica\u00e7\u00e3o de base e sub-base com brita graduada, drenagem pluvial, instala\u00e7\u00e3o de sarjetas, meio-fio em concreto, rampas de acessibilidade e a sinaliza\u00e7\u00e3o horizontal e vertical.<\/p>\n\n\n\n<figure class=\"wp-block-image size-large\"><img decoding=\"async\" width=\"1024\" height=\"576\" src=\"https:\/\/prefeitura.santarosa.rs.gov.br\/wp-content\/uploads\/2025\/03\/WhatsApp-Image-2025-03-21-at-14.31.03-1024x576.jpeg\" alt=\"\" class=\"wp-image-13268\" srcset=\"https:\/\/prefeitura.santarosa.rs.gov.br\/wp-content\/uploads\/2025\/03\/WhatsApp-Image-2025-03-21-at-14.31.03-1024x576.jpeg 1024w, https:\/\/prefeitura.santarosa.rs.gov.br\/wp-content\/uploads\/2025\/03\/WhatsApp-Image-2025-03-21-at-14.31.03-300x169.jpeg 300w, https:\/\/prefeitura.santarosa.rs.gov.br\/wp-content\/uploads\/2025\/03\/WhatsApp-Image-2025-03-21-at-14.31.03-768x432.jpeg 768w, https:\/\/prefeitura.santarosa.rs.gov.br\/wp-content\/uploads\/2025\/03\/WhatsApp-Image-2025-03-21-at-14.31.03-1536x864.jpeg 1536w, https:\/\/prefeitura.santarosa.rs.gov.br\/wp-content\/uploads\/2025\/03\/WhatsApp-Image-2025-03-21-at-14.31.03.jpeg 1600w\" sizes=\"(max-width: 1024px) 100vw, 1024px\" \/><\/figure>\n","protected":false},"excerpt":{"rendered":"<p>O Governo Municipal deu in\u00edcio a mais uma obra estruturante que visa melhorar a mobilidade urbana e a infraestrutura da<\/p>\n","protected":false},"author":6,"featured_media":13269,"comment_status":"closed","ping_status":"open","sticky":false,"template":"","format":"standard","meta":{"footnotes":""},"categories":[4,22],"tags":[],"class_list":["post-13266","post","type-post","status-publish","format-standard","has-post-thumbnail","hentry","category-noticias","category-secretaria-municipal-de-planejamento-e-habitacao"],"aioseo_notices":[],"_links":{"self":[{"href":"https:\/\/prefeitura.santarosa.rs.gov.br\/index.php?rest_route=\/wp\/v2\/posts\/13266","targetHints":{"allow":["GET"]}}],"collection":[{"href":"https:\/\/prefeitura.santarosa.rs.gov.br\/index.php?rest_route=\/wp\/v2\/posts"}],"about":[{"href":"https:\/\/prefeitura.santarosa.rs.gov.br\/index.php?rest_route=\/wp\/v2\/types\/post"}],"author":[{"embeddable":true,"href":"https:\/\/prefeitura.santarosa.rs.gov.br\/index.php?rest_route=\/wp\/v2\/users\/6"}],"replies":[{"embeddable":true,"href":"https:\/\/prefeitura.santarosa.rs.gov.br\/index.php?rest_route=%2Fwp%2Fv2%2Fcomments&post=13266"}],"version-history":[{"count":1,"href":"https:\/\/prefeitura.santarosa.rs.gov.br\/index.php?rest_route=\/wp\/v2\/posts\/13266\/revisions"}],"predecessor-version":[{"id":13270,"href":"https:\/\/prefeitura.santarosa.rs.gov.br\/index.php?rest_route=\/wp\/v2\/posts\/13266\/revisions\/13270"}],"wp:featuredmedia":[{"embeddable":true,"href":"https:\/\/prefeitura.santarosa.rs.gov.br\/index.php?rest_route=\/wp\/v2\/media\/13269"}],"wp:attachment":[{"href":"https:\/\/prefeitura.santarosa.rs.gov.br\/index.php?rest_route=%2Fwp%2Fv2%2Fmedia&parent=13266"}],"wp:term":[{"taxonomy":"category","embeddable":true,"href":"https:\/\/prefeitura.santarosa.rs.gov.br\/index.php?rest_route=%2Fwp%2Fv2%2Fcategories&post=13266"},{"taxonomy":"post_tag","embeddable":true,"href":"https:\/\/prefeitura.santarosa.rs.gov.br\/index.php?rest_route=%2Fwp%2Fv2%2Ftags&post=13266"}],"curies":[{"name":"wp","href":"https:\/\/api.w.org\/{rel}","templated":true}]}}