{"id":13262,"date":"2025-03-21T10:10:39","date_gmt":"2025-03-21T13:10:39","guid":{"rendered":"https:\/\/prefeitura.santarosa.rs.gov.br\/?p=13262"},"modified":"2025-03-21T10:10:40","modified_gmt":"2025-03-21T13:10:40","slug":"curso-de-patchwork-sera-disponibilizado-nos-grupos-terapeuticos-da-fumssar","status":"publish","type":"post","link":"https:\/\/prefeitura.santarosa.rs.gov.br\/?p=13262","title":{"rendered":"Curso de Patchwork ser\u00e1 disponibilizado nos Grupos Terap\u00eauticos da FUMSSAR"},"content":{"rendered":"\n<figure class=\"wp-block-image size-full\"><img fetchpriority=\"high\" decoding=\"async\" width=\"860\" height=\"645\" src=\"https:\/\/prefeitura.santarosa.rs.gov.br\/wp-content\/uploads\/2025\/03\/Formato-Site-e-Portal-860X645-JPG-2025-03-21T100628.737.jpg\" alt=\"\" class=\"wp-image-13263\" srcset=\"https:\/\/prefeitura.santarosa.rs.gov.br\/wp-content\/uploads\/2025\/03\/Formato-Site-e-Portal-860X645-JPG-2025-03-21T100628.737.jpg 860w, https:\/\/prefeitura.santarosa.rs.gov.br\/wp-content\/uploads\/2025\/03\/Formato-Site-e-Portal-860X645-JPG-2025-03-21T100628.737-300x225.jpg 300w, https:\/\/prefeitura.santarosa.rs.gov.br\/wp-content\/uploads\/2025\/03\/Formato-Site-e-Portal-860X645-JPG-2025-03-21T100628.737-768x576.jpg 768w\" sizes=\"(max-width: 860px) 100vw, 860px\" \/><\/figure>\n\n\n\n<p>A Prefeitura de Santa Rosa, por meio da Secretaria de Agricultura, FUMSSAR, SENAR e o Sindicato Rural, promoveram neste m\u00eas um curso de Patchwork na Unidade B\u00e1sica de Sa\u00fade do Bairro Sulina. A forma\u00e7\u00e3o foi destinada para as agentes de sa\u00fade, que aprenderam a confeccionar, de forma manual, trabalhos com retalhos de tecidos. A iniciativa teve como objetivo capacitar as servidoras para que elas repassem o conhecimento adquirido nos Grupos Terap\u00eauticos, oferecidos em 16 UBSs do munic\u00edpio e que atendem diversas mulheres da comunidade.<\/p>\n\n\n\n<p>Os trabalhos em Patchwork estimulam a criatividade e liberam a mente das tens\u00f5es cotidianas.&nbsp;Al\u00e9m disso, tamb\u00e9m s\u00e3o desenvolvidas novas habilidades manuais, e pode at\u00e9 se tornar uma fonte de renda.&nbsp;Emanuelli Rosler Cavalheiro, agente de sa\u00fade da FUMSSAR, destacou a import\u00e2ncia da a\u00e7\u00e3o, &#8220;Foi um momento de muito aprendizado e trocas de experi\u00eancias. A partir de agora, vamos poder repassar o conhecimento que adquirimos para os grupos terap\u00eauticos das nossas UBSs. Al\u00e9m de ser uma terapia, com in\u00fameros benef\u00edcios, o trabalho manual tamb\u00e9m proporciona uma renda extra para as fam\u00edlias&#8221;.<\/p>\n\n\n\n<p>O treinamento, com dura\u00e7\u00e3o de 32 horas, foi promovido pelo SENAR, com patroc\u00ednio da Cooperativa de Cr\u00e9dito &#8211; Cresol e do Sindicato Rural. Ao todo, 15 agentes de sa\u00fade participaram da forma\u00e7\u00e3o.<\/p>\n","protected":false},"excerpt":{"rendered":"<p>A Prefeitura de Santa Rosa, por meio da Secretaria de Agricultura, FUMSSAR, SENAR e o Sindicato Rural, promoveram neste m\u00eas<\/p>\n","protected":false},"author":6,"featured_media":13264,"comment_status":"closed","ping_status":"open","sticky":false,"template":"","format":"standard","meta":{"footnotes":""},"categories":[4,8,14],"tags":[],"class_list":["post-13262","post","type-post","status-publish","format-standard","has-post-thumbnail","hentry","category-noticias","category-noticias-fumssar","category-secretaria-municipal-de-agricultura"],"aioseo_notices":[],"_links":{"self":[{"href":"https:\/\/prefeitura.santarosa.rs.gov.br\/index.php?rest_route=\/wp\/v2\/posts\/13262","targetHints":{"allow":["GET"]}}],"collection":[{"href":"https:\/\/prefeitura.santarosa.rs.gov.br\/index.php?rest_route=\/wp\/v2\/posts"}],"about":[{"href":"https:\/\/prefeitura.santarosa.rs.gov.br\/index.php?rest_route=\/wp\/v2\/types\/post"}],"author":[{"embeddable":true,"href":"https:\/\/prefeitura.santarosa.rs.gov.br\/index.php?rest_route=\/wp\/v2\/users\/6"}],"replies":[{"embeddable":true,"href":"https:\/\/prefeitura.santarosa.rs.gov.br\/index.php?rest_route=%2Fwp%2Fv2%2Fcomments&post=13262"}],"version-history":[{"count":1,"href":"https:\/\/prefeitura.santarosa.rs.gov.br\/index.php?rest_route=\/wp\/v2\/posts\/13262\/revisions"}],"predecessor-version":[{"id":13265,"href":"https:\/\/prefeitura.santarosa.rs.gov.br\/index.php?rest_route=\/wp\/v2\/posts\/13262\/revisions\/13265"}],"wp:featuredmedia":[{"embeddable":true,"href":"https:\/\/prefeitura.santarosa.rs.gov.br\/index.php?rest_route=\/wp\/v2\/media\/13264"}],"wp:attachment":[{"href":"https:\/\/prefeitura.santarosa.rs.gov.br\/index.php?rest_route=%2Fwp%2Fv2%2Fmedia&parent=13262"}],"wp:term":[{"taxonomy":"category","embeddable":true,"href":"https:\/\/prefeitura.santarosa.rs.gov.br\/index.php?rest_route=%2Fwp%2Fv2%2Fcategories&post=13262"},{"taxonomy":"post_tag","embeddable":true,"href":"https:\/\/prefeitura.santarosa.rs.gov.br\/index.php?rest_route=%2Fwp%2Fv2%2Ftags&post=13262"}],"curies":[{"name":"wp","href":"https:\/\/api.w.org\/{rel}","templated":true}]}}