{"id":13256,"date":"2025-03-20T16:45:04","date_gmt":"2025-03-20T19:45:04","guid":{"rendered":"https:\/\/prefeitura.santarosa.rs.gov.br\/?p=13256"},"modified":"2025-03-20T16:45:04","modified_gmt":"2025-03-20T19:45:04","slug":"projeto-visa-construcao-de-monumento-em-homenagem-ao-padre-arcanjo-em-santa-rosa","status":"publish","type":"post","link":"https:\/\/prefeitura.santarosa.rs.gov.br\/?p=13256","title":{"rendered":"Projeto visa constru\u00e7\u00e3o de monumento em homenagem ao Padre Arcanjo em Santa Rosa"},"content":{"rendered":"\n<figure class=\"wp-block-image size-full\"><img fetchpriority=\"high\" decoding=\"async\" width=\"860\" height=\"645\" src=\"https:\/\/prefeitura.santarosa.rs.gov.br\/wp-content\/uploads\/2025\/03\/Formato-Site-e-Portal-860X645-JPG-2025-03-20T164433.768.jpg\" alt=\"\" class=\"wp-image-13257\" srcset=\"https:\/\/prefeitura.santarosa.rs.gov.br\/wp-content\/uploads\/2025\/03\/Formato-Site-e-Portal-860X645-JPG-2025-03-20T164433.768.jpg 860w, https:\/\/prefeitura.santarosa.rs.gov.br\/wp-content\/uploads\/2025\/03\/Formato-Site-e-Portal-860X645-JPG-2025-03-20T164433.768-300x225.jpg 300w, https:\/\/prefeitura.santarosa.rs.gov.br\/wp-content\/uploads\/2025\/03\/Formato-Site-e-Portal-860X645-JPG-2025-03-20T164433.768-768x576.jpg 768w\" sizes=\"(max-width: 860px) 100vw, 860px\" \/><\/figure>\n\n\n\n<p>Integrantes da Organiza\u00e7\u00e3o da Sociedade Civil (OSC) Amigos do Padre Arcanjo estiveram reunidos nesta quinta-feira (20), no gabinete, em reuni\u00e3o com o Prefeito Anderson Mantei. Na oportunidade, foi realizada a presta\u00e7\u00e3o de contas da organiza\u00e7\u00e3o e apresentado um projeto para a constru\u00e7\u00e3o de um monumento na localidade de Lajeado Tarum\u00e3, interior de Santa Rosa, em homenagem ao saudoso Padre Arcanjo.<\/p>\n\n\n\n<p>Esta comunidade foi escolhida por ser o local onde est\u00e3o os restos mortais do sacerdote. O presidente da OSC Amigos do Padre Arcanjo, Acquiles Giovelli, destaca que o principal objetivo da obra ser\u00e1 desenvolver o turismo religioso no munic\u00edpio e na regi\u00e3o, &#8220;Essa \u00e9 uma \u00e1rea que apresenta uma lacuna a ser preenchida, e temos uma grande refer\u00eancia, que \u00e9 justamente o padre que peregrinou por Santa Rosa durante d\u00e9cadas e escolheu a localidade de Tarum\u00e3 para ser enterrado quando morresse. Al\u00e9m disso, queremos honrar e valorizar a mem\u00f3ria e o legado desse homem, que foi t\u00e3o importante para a comunidade de Santa Rosa&#8221;.<\/p>\n\n\n\n<p>O projeto tamb\u00e9m busca difundir a hist\u00f3ria do Padre Arcanjo, falecido h\u00e1 20 anos, para que as novas gera\u00e7\u00f5es conhe\u00e7am tudo o que ele fez pela comunidade, pelas vidas e pelas almas de Santa Rosa. O monumento ser\u00e1 um ponto de refer\u00eancia para turistas e fi\u00e9is, al\u00e9m de fortalecer a identidade religiosa local. O Prefeito Anderson Mantei, ao apoiar a proposta, destacou a import\u00e2ncia de manter viva a mem\u00f3ria de figuras que contribu\u00edram de forma significativa para o desenvolvimento da cidade e da f\u00e9 crist\u00e3 na regi\u00e3o. Ap\u00f3s a constru\u00e7\u00e3o do monumento, os integrantes da OSC pretendem solicitar a beatifica\u00e7\u00e3o e a santifica\u00e7\u00e3o do Padre Arcanjo.<\/p>\n","protected":false},"excerpt":{"rendered":"<p>Integrantes da Organiza\u00e7\u00e3o da Sociedade Civil (OSC) Amigos do Padre Arcanjo estiveram reunidos nesta quinta-feira (20), no gabinete, em reuni\u00e3o<\/p>\n","protected":false},"author":6,"featured_media":13258,"comment_status":"closed","ping_status":"open","sticky":false,"template":"","format":"standard","meta":{"footnotes":""},"categories":[4,3],"tags":[],"class_list":["post-13256","post","type-post","status-publish","format-standard","has-post-thumbnail","hentry","category-noticias","category-gabinete-do-prefeito"],"aioseo_notices":[],"_links":{"self":[{"href":"https:\/\/prefeitura.santarosa.rs.gov.br\/index.php?rest_route=\/wp\/v2\/posts\/13256","targetHints":{"allow":["GET"]}}],"collection":[{"href":"https:\/\/prefeitura.santarosa.rs.gov.br\/index.php?rest_route=\/wp\/v2\/posts"}],"about":[{"href":"https:\/\/prefeitura.santarosa.rs.gov.br\/index.php?rest_route=\/wp\/v2\/types\/post"}],"author":[{"embeddable":true,"href":"https:\/\/prefeitura.santarosa.rs.gov.br\/index.php?rest_route=\/wp\/v2\/users\/6"}],"replies":[{"embeddable":true,"href":"https:\/\/prefeitura.santarosa.rs.gov.br\/index.php?rest_route=%2Fwp%2Fv2%2Fcomments&post=13256"}],"version-history":[{"count":1,"href":"https:\/\/prefeitura.santarosa.rs.gov.br\/index.php?rest_route=\/wp\/v2\/posts\/13256\/revisions"}],"predecessor-version":[{"id":13259,"href":"https:\/\/prefeitura.santarosa.rs.gov.br\/index.php?rest_route=\/wp\/v2\/posts\/13256\/revisions\/13259"}],"wp:featuredmedia":[{"embeddable":true,"href":"https:\/\/prefeitura.santarosa.rs.gov.br\/index.php?rest_route=\/wp\/v2\/media\/13258"}],"wp:attachment":[{"href":"https:\/\/prefeitura.santarosa.rs.gov.br\/index.php?rest_route=%2Fwp%2Fv2%2Fmedia&parent=13256"}],"wp:term":[{"taxonomy":"category","embeddable":true,"href":"https:\/\/prefeitura.santarosa.rs.gov.br\/index.php?rest_route=%2Fwp%2Fv2%2Fcategories&post=13256"},{"taxonomy":"post_tag","embeddable":true,"href":"https:\/\/prefeitura.santarosa.rs.gov.br\/index.php?rest_route=%2Fwp%2Fv2%2Ftags&post=13256"}],"curies":[{"name":"wp","href":"https:\/\/api.w.org\/{rel}","templated":true}]}}