{"id":13252,"date":"2025-03-20T16:22:58","date_gmt":"2025-03-20T19:22:58","guid":{"rendered":"https:\/\/prefeitura.santarosa.rs.gov.br\/?p=13252"},"modified":"2025-03-20T16:22:58","modified_gmt":"2025-03-20T19:22:58","slug":"jovem-de-santa-rosa-e-convocada-para-treinamento-na-selecao-gaucha-de-basquete","status":"publish","type":"post","link":"https:\/\/prefeitura.santarosa.rs.gov.br\/?p=13252","title":{"rendered":"Jovem de Santa Rosa \u00e9 convocada para treinamento na Sele\u00e7\u00e3o Ga\u00facha de Basquete"},"content":{"rendered":"\n<figure class=\"wp-block-image size-full\"><img fetchpriority=\"high\" decoding=\"async\" width=\"860\" height=\"645\" src=\"https:\/\/prefeitura.santarosa.rs.gov.br\/wp-content\/uploads\/2025\/03\/Formato-Site-e-Portal-860X645-JPG-2025-03-20T162015.624.jpg\" alt=\"\" class=\"wp-image-13253\" srcset=\"https:\/\/prefeitura.santarosa.rs.gov.br\/wp-content\/uploads\/2025\/03\/Formato-Site-e-Portal-860X645-JPG-2025-03-20T162015.624.jpg 860w, https:\/\/prefeitura.santarosa.rs.gov.br\/wp-content\/uploads\/2025\/03\/Formato-Site-e-Portal-860X645-JPG-2025-03-20T162015.624-300x225.jpg 300w, https:\/\/prefeitura.santarosa.rs.gov.br\/wp-content\/uploads\/2025\/03\/Formato-Site-e-Portal-860X645-JPG-2025-03-20T162015.624-768x576.jpg 768w\" sizes=\"(max-width: 860px) 100vw, 860px\" \/><\/figure>\n\n\n\n<p>A atleta de Santa Rosa, Larissa Motta Ledur, foi convocada para treinamento na Sele\u00e7\u00e3o Ga\u00facha de Basquete. Larissa, que integra a equipe do Soj\u00e3o Basquete, agora faz parte da categoria Sub-16 da Sele\u00e7\u00e3o Ga\u00facha.<\/p>\n\n\n\n<p>A convoca\u00e7\u00e3o \u00e9 um reconhecimento do talento, dedica\u00e7\u00e3o e paix\u00e3o de Larissa pelo esporte. A dire\u00e7\u00e3o do Soj\u00e3o Basquete celebrou a conquista, destacando o esfor\u00e7o da jovem e sua contribui\u00e7\u00e3o para a equipe. O Secret\u00e1rio de Esporte de Santa Rosa, Cauh\u00e3 Pereira da Silva, tamb\u00e9m comemorou a not\u00edcia, &#8220;Estamos muito contentes com essa conquista e felizes em ver tantos jovens talentos da nossa cidade se destacando no esporte. Desejamos muito sucesso para a Larissa e esperamos que esta seja apenas uma das muitas vit\u00f3rias que ela ir\u00e1 alcan\u00e7ar&#8221;.<\/p>\n\n\n\n<p>Cr\u00e9dito foto:\u00a0@ricomarchetti<\/p>\n\n\n\n<p><\/p>\n","protected":false},"excerpt":{"rendered":"<p>A atleta de Santa Rosa, Larissa Motta Ledur, foi convocada para treinamento na Sele\u00e7\u00e3o Ga\u00facha de Basquete. Larissa, que integra<\/p>\n","protected":false},"author":6,"featured_media":13254,"comment_status":"closed","ping_status":"open","sticky":false,"template":"","format":"standard","meta":{"footnotes":""},"categories":[4,19],"tags":[],"class_list":["post-13252","post","type-post","status-publish","format-standard","has-post-thumbnail","hentry","category-noticias","category-secretaria-municipal-de-esporte"],"aioseo_notices":[],"_links":{"self":[{"href":"https:\/\/prefeitura.santarosa.rs.gov.br\/index.php?rest_route=\/wp\/v2\/posts\/13252","targetHints":{"allow":["GET"]}}],"collection":[{"href":"https:\/\/prefeitura.santarosa.rs.gov.br\/index.php?rest_route=\/wp\/v2\/posts"}],"about":[{"href":"https:\/\/prefeitura.santarosa.rs.gov.br\/index.php?rest_route=\/wp\/v2\/types\/post"}],"author":[{"embeddable":true,"href":"https:\/\/prefeitura.santarosa.rs.gov.br\/index.php?rest_route=\/wp\/v2\/users\/6"}],"replies":[{"embeddable":true,"href":"https:\/\/prefeitura.santarosa.rs.gov.br\/index.php?rest_route=%2Fwp%2Fv2%2Fcomments&post=13252"}],"version-history":[{"count":1,"href":"https:\/\/prefeitura.santarosa.rs.gov.br\/index.php?rest_route=\/wp\/v2\/posts\/13252\/revisions"}],"predecessor-version":[{"id":13255,"href":"https:\/\/prefeitura.santarosa.rs.gov.br\/index.php?rest_route=\/wp\/v2\/posts\/13252\/revisions\/13255"}],"wp:featuredmedia":[{"embeddable":true,"href":"https:\/\/prefeitura.santarosa.rs.gov.br\/index.php?rest_route=\/wp\/v2\/media\/13254"}],"wp:attachment":[{"href":"https:\/\/prefeitura.santarosa.rs.gov.br\/index.php?rest_route=%2Fwp%2Fv2%2Fmedia&parent=13252"}],"wp:term":[{"taxonomy":"category","embeddable":true,"href":"https:\/\/prefeitura.santarosa.rs.gov.br\/index.php?rest_route=%2Fwp%2Fv2%2Fcategories&post=13252"},{"taxonomy":"post_tag","embeddable":true,"href":"https:\/\/prefeitura.santarosa.rs.gov.br\/index.php?rest_route=%2Fwp%2Fv2%2Ftags&post=13252"}],"curies":[{"name":"wp","href":"https:\/\/api.w.org\/{rel}","templated":true}]}}