{"id":13240,"date":"2025-03-20T10:26:46","date_gmt":"2025-03-20T13:26:46","guid":{"rendered":"https:\/\/prefeitura.santarosa.rs.gov.br\/?p=13240"},"modified":"2025-03-20T13:35:51","modified_gmt":"2025-03-20T16:35:51","slug":"pre-conferencias-municipais-da-pessoa-idosa-iniciam-na-proxima-semana","status":"publish","type":"post","link":"https:\/\/prefeitura.santarosa.rs.gov.br\/?p=13240","title":{"rendered":"Pr\u00e9-confer\u00eancias Municipais da Pessoa Idosa iniciam na pr\u00f3xima semana"},"content":{"rendered":"\n<figure class=\"wp-block-image size-full\"><img fetchpriority=\"high\" decoding=\"async\" width=\"860\" height=\"645\" src=\"https:\/\/prefeitura.santarosa.rs.gov.br\/wp-content\/uploads\/2025\/03\/Formato-Site-e-Portal-860X645-JPG-2025-03-19T165649.045.jpg\" alt=\"\" class=\"wp-image-13241\" srcset=\"https:\/\/prefeitura.santarosa.rs.gov.br\/wp-content\/uploads\/2025\/03\/Formato-Site-e-Portal-860X645-JPG-2025-03-19T165649.045.jpg 860w, https:\/\/prefeitura.santarosa.rs.gov.br\/wp-content\/uploads\/2025\/03\/Formato-Site-e-Portal-860X645-JPG-2025-03-19T165649.045-300x225.jpg 300w, https:\/\/prefeitura.santarosa.rs.gov.br\/wp-content\/uploads\/2025\/03\/Formato-Site-e-Portal-860X645-JPG-2025-03-19T165649.045-768x576.jpg 768w\" sizes=\"(max-width: 860px) 100vw, 860px\" \/><\/figure>\n\n\n\n<p>A partir da pr\u00f3xima semana, v\u00e3o acontecer as Pr\u00e9-confer\u00eancias Municipais da Pessoa Idosa. Para esses encontros, o Conselho Municipal dos Direitos do Idoso (CMDI) conta com a participa\u00e7\u00e3o dos cidad\u00e3os acima dos 60 anos do munic\u00edpio de Santa Rosa. Durante os encontros, ser\u00e3o debatidas pol\u00edticas p\u00fablicas para o envelhecimento saud\u00e1vel e propostas que garantam os direitos das pessoas idosas. As reuni\u00f5es antecedem a VII Confer\u00eancia Municipal da Pessoa Idosa, que ser\u00e1 realizada no m\u00eas de abril.<\/p>\n\n\n\n<p>As pr\u00e9-confer\u00eancias iniciam na quinta-feira (27\/03), das 14h \u00e0s 17h30min, no Centro de Conviv\u00eancia do Idoso (R. Porto Alegre, n\u00ba 810, Bairro Central) e seguem na quinta-feira (03\/04), das 14h \u00e0s 17h30min, na Associa\u00e7\u00e3o Regional de Aposentados e Pensionistas de Santa Rosa (Av. Borges de Medeiros, n\u00ba 661, Centro). A presidente da VII Confer\u00eancia da Pessoa Idosa, Roseli Bess, ressalta a import\u00e2ncia da participa\u00e7\u00e3o dos idosos, \u201c\u00c9 fundamental a participa\u00e7\u00e3o dos cidad\u00e3os acima dos 60 anos nas pr\u00e9-confer\u00eancias e na VII Confer\u00eancia. A voz ativa dos idosos \u00e9 essencial para a constru\u00e7\u00e3o de pol\u00edticas p\u00fablicas que atendam \u00e0s suas necessidades e promovam um envelhecimento digno e saud\u00e1vel\u201d.<\/p>\n\n\n\n<p>A Prefeitura de Santa Rosa, o Conselho Municipal dos Direitos do Idoso e a Secretaria de Desenvolvimento Social s\u00e3o os organizadores da VII Confer\u00eancia Municipal da Pessoa Idosa. O evento ter\u00e1 como tema \u201cEnvelhecimento Multicultural e Democracia: urg\u00eancia por equidade, direitos e participa\u00e7\u00e3o\u201d. A confer\u00eancia ser\u00e1 realizada no dia 24 de abril, no Clube de Idosos Renascer Juntos, localizado no Parque de Exposi\u00e7\u00f5es.<\/p>\n\n\n\n<figure class=\"wp-block-gallery has-nested-images columns-default is-cropped wp-block-gallery-1 is-layout-flex wp-block-gallery-is-layout-flex\">\n<figure class=\"wp-block-image size-large\"><img decoding=\"async\" width=\"819\" height=\"1024\" data-id=\"13243\" src=\"https:\/\/prefeitura.santarosa.rs.gov.br\/wp-content\/uploads\/2025\/03\/pre-01-819x1024.png\" alt=\"\" class=\"wp-image-13243\" srcset=\"https:\/\/prefeitura.santarosa.rs.gov.br\/wp-content\/uploads\/2025\/03\/pre-01-819x1024.png 819w, https:\/\/prefeitura.santarosa.rs.gov.br\/wp-content\/uploads\/2025\/03\/pre-01-240x300.png 240w, https:\/\/prefeitura.santarosa.rs.gov.br\/wp-content\/uploads\/2025\/03\/pre-01-768x960.png 768w, https:\/\/prefeitura.santarosa.rs.gov.br\/wp-content\/uploads\/2025\/03\/pre-01.png 1080w\" sizes=\"(max-width: 819px) 100vw, 819px\" \/><\/figure>\n\n\n\n<figure class=\"wp-block-image size-large\"><img decoding=\"async\" width=\"819\" height=\"1024\" data-id=\"13242\" src=\"https:\/\/prefeitura.santarosa.rs.gov.br\/wp-content\/uploads\/2025\/03\/pre-02-819x1024.png\" alt=\"\" class=\"wp-image-13242\" srcset=\"https:\/\/prefeitura.santarosa.rs.gov.br\/wp-content\/uploads\/2025\/03\/pre-02-819x1024.png 819w, https:\/\/prefeitura.santarosa.rs.gov.br\/wp-content\/uploads\/2025\/03\/pre-02-240x300.png 240w, https:\/\/prefeitura.santarosa.rs.gov.br\/wp-content\/uploads\/2025\/03\/pre-02-768x960.png 768w, https:\/\/prefeitura.santarosa.rs.gov.br\/wp-content\/uploads\/2025\/03\/pre-02.png 1080w\" sizes=\"(max-width: 819px) 100vw, 819px\" \/><\/figure>\n<\/figure>\n","protected":false},"excerpt":{"rendered":"<p>A partir da pr\u00f3xima semana, v\u00e3o acontecer as Pr\u00e9-confer\u00eancias Municipais da Pessoa Idosa. Para esses encontros, o Conselho Municipal dos<\/p>\n","protected":false},"author":6,"featured_media":13244,"comment_status":"closed","ping_status":"open","sticky":false,"template":"","format":"standard","meta":{"footnotes":""},"categories":[4,17],"tags":[],"class_list":["post-13240","post","type-post","status-publish","format-standard","has-post-thumbnail","hentry","category-noticias","category-secretaria-municipal-de-desenvolvimento-social"],"aioseo_notices":[],"_links":{"self":[{"href":"https:\/\/prefeitura.santarosa.rs.gov.br\/index.php?rest_route=\/wp\/v2\/posts\/13240","targetHints":{"allow":["GET"]}}],"collection":[{"href":"https:\/\/prefeitura.santarosa.rs.gov.br\/index.php?rest_route=\/wp\/v2\/posts"}],"about":[{"href":"https:\/\/prefeitura.santarosa.rs.gov.br\/index.php?rest_route=\/wp\/v2\/types\/post"}],"author":[{"embeddable":true,"href":"https:\/\/prefeitura.santarosa.rs.gov.br\/index.php?rest_route=\/wp\/v2\/users\/6"}],"replies":[{"embeddable":true,"href":"https:\/\/prefeitura.santarosa.rs.gov.br\/index.php?rest_route=%2Fwp%2Fv2%2Fcomments&post=13240"}],"version-history":[{"count":2,"href":"https:\/\/prefeitura.santarosa.rs.gov.br\/index.php?rest_route=\/wp\/v2\/posts\/13240\/revisions"}],"predecessor-version":[{"id":13246,"href":"https:\/\/prefeitura.santarosa.rs.gov.br\/index.php?rest_route=\/wp\/v2\/posts\/13240\/revisions\/13246"}],"wp:featuredmedia":[{"embeddable":true,"href":"https:\/\/prefeitura.santarosa.rs.gov.br\/index.php?rest_route=\/wp\/v2\/media\/13244"}],"wp:attachment":[{"href":"https:\/\/prefeitura.santarosa.rs.gov.br\/index.php?rest_route=%2Fwp%2Fv2%2Fmedia&parent=13240"}],"wp:term":[{"taxonomy":"category","embeddable":true,"href":"https:\/\/prefeitura.santarosa.rs.gov.br\/index.php?rest_route=%2Fwp%2Fv2%2Fcategories&post=13240"},{"taxonomy":"post_tag","embeddable":true,"href":"https:\/\/prefeitura.santarosa.rs.gov.br\/index.php?rest_route=%2Fwp%2Fv2%2Ftags&post=13240"}],"curies":[{"name":"wp","href":"https:\/\/api.w.org\/{rel}","templated":true}]}}