{"id":13228,"date":"2025-03-19T13:52:17","date_gmt":"2025-03-19T16:52:17","guid":{"rendered":"https:\/\/prefeitura.santarosa.rs.gov.br\/?p=13228"},"modified":"2025-03-19T13:52:18","modified_gmt":"2025-03-19T16:52:18","slug":"programa-santa-rosa-mais-bela-incentiva-a-adocao-de-espacos-publicos-em-santa-rosa","status":"publish","type":"post","link":"https:\/\/prefeitura.santarosa.rs.gov.br\/?p=13228","title":{"rendered":"Programa Santa Rosa Mais Bela incentiva a ado\u00e7\u00e3o de espa\u00e7os p\u00fablicos em Santa Rosa"},"content":{"rendered":"\n<figure class=\"wp-block-image size-full\"><img fetchpriority=\"high\" decoding=\"async\" width=\"860\" height=\"645\" src=\"https:\/\/prefeitura.santarosa.rs.gov.br\/wp-content\/uploads\/2025\/03\/Formato-Site-e-Portal-860X645-JPG-2025-03-19T134355.372.jpg\" alt=\"\" class=\"wp-image-13229\" srcset=\"https:\/\/prefeitura.santarosa.rs.gov.br\/wp-content\/uploads\/2025\/03\/Formato-Site-e-Portal-860X645-JPG-2025-03-19T134355.372.jpg 860w, https:\/\/prefeitura.santarosa.rs.gov.br\/wp-content\/uploads\/2025\/03\/Formato-Site-e-Portal-860X645-JPG-2025-03-19T134355.372-300x225.jpg 300w, https:\/\/prefeitura.santarosa.rs.gov.br\/wp-content\/uploads\/2025\/03\/Formato-Site-e-Portal-860X645-JPG-2025-03-19T134355.372-768x576.jpg 768w\" sizes=\"(max-width: 860px) 100vw, 860px\" \/><\/figure>\n\n\n\n<p>Desde 2024, as empresas e institui\u00e7\u00f5es de Santa Rosa t\u00eam a oportunidade de contribuir para a preserva\u00e7\u00e3o e manuten\u00e7\u00e3o dos espa\u00e7os p\u00fablicos da cidade por meio do programa Santa Rosa Mais Bela. Institu\u00eddo pela Lei 5.430\/18 e alterado pela Lei 5.855\/24, o programa permite que empresas adotem parques, pra\u00e7as e outros locais p\u00fablicos, promovendo melhorias e revitaliza\u00e7\u00f5es. Para formalizar essa parceria, \u00e9 necess\u00e1rio a celebra\u00e7\u00e3o de um termo de coopera\u00e7\u00e3o entre as partes envolvidas.<\/p>\n\n\n\n<p>De acordo com o programa, s\u00e3o pass\u00edveis de ado\u00e7\u00e3o uma variedade de espa\u00e7os p\u00fablicos, incluindo parques, pra\u00e7as, jardins, r\u00f3tulas, pontos de abrigo de \u00f4nibus, e outros elementos de bens p\u00fablicos, como quadras esportivas, monumentos e at\u00e9 mesmo mobili\u00e1rios urbanos como bancos, pergolados e placas indicativas. Essa iniciativa busca al\u00e9m de embelezar a cidade, tamb\u00e9m proporcionar locais mais seguros e acess\u00edveis para a comunidade. Nesta semana, a empresa Multicar Manuten\u00e7\u00e3o Automotiva entregou para a Prefeitura, um abrigo de \u00f4nibus no bairro Timba\u00fava. A empresa adotou o local e investiu mais de 12 mil reais para revitalizar o espa\u00e7o, que agora conta com nova ilumina\u00e7\u00e3o e uma tomada para carregar aparelhos celulares, proporcionando mais conforto para os usu\u00e1rios do transporte p\u00fablico. Al\u00e9m disso, outra parada de \u00f4nibus j\u00e1 foi adotada pela empresa Parktur, localizada no Centro, entre a Caixa Econ\u00f4mica Federal e o Supermercado Nacional.<\/p>\n\n\n\n<p>Para empresas ou institui\u00e7\u00f5es interessadas em adotar um espa\u00e7o p\u00fablico, o processo \u00e9 simples. Elas devem entrar em contato com a Secretaria Municipal de Desenvolvimento Econ\u00f4mico, Turismo e Tecnologia, apresentar uma proposta detalhada especificando o local a ser adotado e aguardar a an\u00e1lise da secretaria. A proposta ser\u00e1 deferida ou n\u00e3o conforme os crit\u00e9rios estabelecidos. O Secret\u00e1rio de Desenvolvimento Econ\u00f4mico, Odaylson Eder, destaca que no conceito de Cidades Inteligentes existe uma fase que se chama \u201cCompartilhada\u201d, que \u00e9 quando se tem um grau de maturidade dos cidad\u00e3os, que de forma volunt\u00e1ria, ajudam na gest\u00e3o dos bens ou problemas das cidades. A ado\u00e7\u00e3o de espa\u00e7os p\u00fablicos, \u00e9 um exemplo disto, &#8220;Essa \u00e9 uma a\u00e7\u00e3o que visa engajar o setor privado, al\u00e9m de moradores e empres\u00e1rios, na melhoria da nossa cidade, ao mesmo tempo em que oferecem visibilidade para seus produtos e servi\u00e7os. O programa \u00e9 uma oportunidade de participa\u00e7\u00e3o ativa na transforma\u00e7\u00e3o da cidade, contribuindo para o desenvolvimento de Santa Rosa e o bem-estar dos nossos cidad\u00e3os&#8221;.<\/p>\n\n\n\n<p>Ao adotar um espa\u00e7o, a empresa poder\u00e1 tamb\u00e9m divulgar seus produtos e servi\u00e7os, promovendo sua marca por meio de publicidade, como banners, placas ou outras formas de comunica\u00e7\u00e3o, conforme as regras estabelecidas pela legisla\u00e7\u00e3o municipal.<\/p>\n","protected":false},"excerpt":{"rendered":"<p>Desde 2024, as empresas e institui\u00e7\u00f5es de Santa Rosa t\u00eam a oportunidade de contribuir para a preserva\u00e7\u00e3o e manuten\u00e7\u00e3o dos<\/p>\n","protected":false},"author":6,"featured_media":13230,"comment_status":"closed","ping_status":"open","sticky":false,"template":"","format":"standard","meta":{"footnotes":""},"categories":[4,16],"tags":[],"class_list":["post-13228","post","type-post","status-publish","format-standard","has-post-thumbnail","hentry","category-noticias","category-secretaria-municipal-de-desenvolvimento-economico-turismo-e-tecnologia"],"aioseo_notices":[],"_links":{"self":[{"href":"https:\/\/prefeitura.santarosa.rs.gov.br\/index.php?rest_route=\/wp\/v2\/posts\/13228","targetHints":{"allow":["GET"]}}],"collection":[{"href":"https:\/\/prefeitura.santarosa.rs.gov.br\/index.php?rest_route=\/wp\/v2\/posts"}],"about":[{"href":"https:\/\/prefeitura.santarosa.rs.gov.br\/index.php?rest_route=\/wp\/v2\/types\/post"}],"author":[{"embeddable":true,"href":"https:\/\/prefeitura.santarosa.rs.gov.br\/index.php?rest_route=\/wp\/v2\/users\/6"}],"replies":[{"embeddable":true,"href":"https:\/\/prefeitura.santarosa.rs.gov.br\/index.php?rest_route=%2Fwp%2Fv2%2Fcomments&post=13228"}],"version-history":[{"count":1,"href":"https:\/\/prefeitura.santarosa.rs.gov.br\/index.php?rest_route=\/wp\/v2\/posts\/13228\/revisions"}],"predecessor-version":[{"id":13231,"href":"https:\/\/prefeitura.santarosa.rs.gov.br\/index.php?rest_route=\/wp\/v2\/posts\/13228\/revisions\/13231"}],"wp:featuredmedia":[{"embeddable":true,"href":"https:\/\/prefeitura.santarosa.rs.gov.br\/index.php?rest_route=\/wp\/v2\/media\/13230"}],"wp:attachment":[{"href":"https:\/\/prefeitura.santarosa.rs.gov.br\/index.php?rest_route=%2Fwp%2Fv2%2Fmedia&parent=13228"}],"wp:term":[{"taxonomy":"category","embeddable":true,"href":"https:\/\/prefeitura.santarosa.rs.gov.br\/index.php?rest_route=%2Fwp%2Fv2%2Fcategories&post=13228"},{"taxonomy":"post_tag","embeddable":true,"href":"https:\/\/prefeitura.santarosa.rs.gov.br\/index.php?rest_route=%2Fwp%2Fv2%2Ftags&post=13228"}],"curies":[{"name":"wp","href":"https:\/\/api.w.org\/{rel}","templated":true}]}}