{"id":13224,"date":"2025-03-18T16:48:15","date_gmt":"2025-03-18T19:48:15","guid":{"rendered":"https:\/\/prefeitura.santarosa.rs.gov.br\/?p=13224"},"modified":"2025-03-18T16:48:16","modified_gmt":"2025-03-18T19:48:16","slug":"atletas-de-santa-rosa-conquistam-podio-na-1a-edicao-da-maratona-de-torres","status":"publish","type":"post","link":"https:\/\/prefeitura.santarosa.rs.gov.br\/?p=13224","title":{"rendered":"Atletas de Santa Rosa conquistam p\u00f3dio na 1\u00aa edi\u00e7\u00e3o da Maratona de Torres"},"content":{"rendered":"\n<figure class=\"wp-block-image size-full\"><img fetchpriority=\"high\" decoding=\"async\" width=\"860\" height=\"645\" src=\"https:\/\/prefeitura.santarosa.rs.gov.br\/wp-content\/uploads\/2025\/03\/Formato-Site-e-Portal-860X645-JPG-2025-03-18T164655.176.jpg\" alt=\"\" class=\"wp-image-13225\" srcset=\"https:\/\/prefeitura.santarosa.rs.gov.br\/wp-content\/uploads\/2025\/03\/Formato-Site-e-Portal-860X645-JPG-2025-03-18T164655.176.jpg 860w, https:\/\/prefeitura.santarosa.rs.gov.br\/wp-content\/uploads\/2025\/03\/Formato-Site-e-Portal-860X645-JPG-2025-03-18T164655.176-300x225.jpg 300w, https:\/\/prefeitura.santarosa.rs.gov.br\/wp-content\/uploads\/2025\/03\/Formato-Site-e-Portal-860X645-JPG-2025-03-18T164655.176-768x576.jpg 768w\" sizes=\"(max-width: 860px) 100vw, 860px\" \/><\/figure>\n\n\n\n<p>Aconteceu na \u00faltima semana, a primeira edi\u00e7\u00e3o da Maratona de Torres, com dist\u00e2ncias de 42 km, 21 km, 10 km e 5 km. Os atletas da ANR\/ADIDAS de Santa Rosa, Sofia Emanueli Seimetz e Pietro Gabriel de Lima da Silva, se destacaram na prova de 5 km. Sofia, com apenas 12 anos, brilhou ao conquistar o 3\u00ba lugar no Geral Feminino, com o excelente tempo de 21&#8217;40&#8221;. J\u00e1 Pietro garantiu o 1\u00ba lugar na categoria at\u00e9 24 anos.<\/p>\n\n\n\n<p>Os dois medalhistas s\u00e3o alunos da Rede Municipal de Ensino, matriculados na EMEF Paul Harris. Eles foram recebidos pela Secret\u00e1ria de Educa\u00e7\u00e3o, Josyane Heck, que parabenizou os jovens atletas pelo empenho e conquistas, \u201c\u00c9 um grande orgulho para nossa cidade ver nossos jovens se destacando com tanto talento e dedica\u00e7\u00e3o. Essas conquistas s\u00e3o fruto de muito trabalho e disciplina, e estamos todos muito felizes por eles\u201d.<\/p>\n\n\n\n<p>Treinados pelo Professor \u00c1lvaro Miguel Perini, Sofia e Pietro receberam todo o suporte para a competi\u00e7\u00e3o e, inclusive, foram acompanhados de perto durante o evento. O professor tamb\u00e9m participou da prova de 21 km. A pr\u00f3xima competi\u00e7\u00e3o dos atletas ser\u00e1 no s\u00e1bado, dia 22 de mar\u00e7o, na cidade de Lajeado\/RS, com a disputa na pista do Trof\u00e9u ANR de Atletismo.<\/p>\n","protected":false},"excerpt":{"rendered":"<p>Aconteceu na \u00faltima semana, a primeira edi\u00e7\u00e3o da Maratona de Torres, com dist\u00e2ncias de 42 km, 21 km, 10 km<\/p>\n","protected":false},"author":6,"featured_media":13226,"comment_status":"closed","ping_status":"closed","sticky":false,"template":"","format":"standard","meta":{"footnotes":""},"categories":[4,18,19],"tags":[],"class_list":["post-13224","post","type-post","status-publish","format-standard","has-post-thumbnail","hentry","category-noticias","category-secretaria-municipal-de-educacao-e-cultura","category-secretaria-municipal-de-esporte"],"aioseo_notices":[],"_links":{"self":[{"href":"https:\/\/prefeitura.santarosa.rs.gov.br\/index.php?rest_route=\/wp\/v2\/posts\/13224","targetHints":{"allow":["GET"]}}],"collection":[{"href":"https:\/\/prefeitura.santarosa.rs.gov.br\/index.php?rest_route=\/wp\/v2\/posts"}],"about":[{"href":"https:\/\/prefeitura.santarosa.rs.gov.br\/index.php?rest_route=\/wp\/v2\/types\/post"}],"author":[{"embeddable":true,"href":"https:\/\/prefeitura.santarosa.rs.gov.br\/index.php?rest_route=\/wp\/v2\/users\/6"}],"replies":[{"embeddable":true,"href":"https:\/\/prefeitura.santarosa.rs.gov.br\/index.php?rest_route=%2Fwp%2Fv2%2Fcomments&post=13224"}],"version-history":[{"count":1,"href":"https:\/\/prefeitura.santarosa.rs.gov.br\/index.php?rest_route=\/wp\/v2\/posts\/13224\/revisions"}],"predecessor-version":[{"id":13227,"href":"https:\/\/prefeitura.santarosa.rs.gov.br\/index.php?rest_route=\/wp\/v2\/posts\/13224\/revisions\/13227"}],"wp:featuredmedia":[{"embeddable":true,"href":"https:\/\/prefeitura.santarosa.rs.gov.br\/index.php?rest_route=\/wp\/v2\/media\/13226"}],"wp:attachment":[{"href":"https:\/\/prefeitura.santarosa.rs.gov.br\/index.php?rest_route=%2Fwp%2Fv2%2Fmedia&parent=13224"}],"wp:term":[{"taxonomy":"category","embeddable":true,"href":"https:\/\/prefeitura.santarosa.rs.gov.br\/index.php?rest_route=%2Fwp%2Fv2%2Fcategories&post=13224"},{"taxonomy":"post_tag","embeddable":true,"href":"https:\/\/prefeitura.santarosa.rs.gov.br\/index.php?rest_route=%2Fwp%2Fv2%2Ftags&post=13224"}],"curies":[{"name":"wp","href":"https:\/\/api.w.org\/{rel}","templated":true}]}}