{"id":13211,"date":"2025-03-18T09:26:45","date_gmt":"2025-03-18T12:26:45","guid":{"rendered":"https:\/\/prefeitura.santarosa.rs.gov.br\/?p=13211"},"modified":"2025-03-18T09:26:45","modified_gmt":"2025-03-18T12:26:45","slug":"santa-rosa-habilita-centro-de-atencao-integral-e-prevencao-as-ists-ao-hiv-aids-e-coinfeccoes","status":"publish","type":"post","link":"https:\/\/prefeitura.santarosa.rs.gov.br\/?p=13211","title":{"rendered":"Santa Rosa habilita Centro de Aten\u00e7\u00e3o Integral e Preven\u00e7\u00e3o \u00e0s ISTs, ao HIV\/Aids e coinfec\u00e7\u00f5es"},"content":{"rendered":"\n<figure class=\"wp-block-image size-full\"><img fetchpriority=\"high\" decoding=\"async\" width=\"860\" height=\"645\" src=\"https:\/\/prefeitura.santarosa.rs.gov.br\/wp-content\/uploads\/2025\/03\/Formato-Site-e-Portal-860X645-JPG-2025-03-18T092559.452.jpg\" alt=\"\" class=\"wp-image-13212\" srcset=\"https:\/\/prefeitura.santarosa.rs.gov.br\/wp-content\/uploads\/2025\/03\/Formato-Site-e-Portal-860X645-JPG-2025-03-18T092559.452.jpg 860w, https:\/\/prefeitura.santarosa.rs.gov.br\/wp-content\/uploads\/2025\/03\/Formato-Site-e-Portal-860X645-JPG-2025-03-18T092559.452-300x225.jpg 300w, https:\/\/prefeitura.santarosa.rs.gov.br\/wp-content\/uploads\/2025\/03\/Formato-Site-e-Portal-860X645-JPG-2025-03-18T092559.452-768x576.jpg 768w\" sizes=\"(max-width: 860px) 100vw, 860px\" \/><\/figure>\n\n\n\n<p>Santa Rosa foi contemplada com um Centro Regionalizado de Aten\u00e7\u00e3o Integral e Preven\u00e7\u00e3o \u00e0s Infec\u00e7\u00f5es Sexualmente Transmiss\u00edveis, ao HIV\/Aids e Coinfec\u00e7\u00f5es (CRAIP). A novidade faz parte de um programa do Estado do Rio Grande do Sul que visa ampliar as a\u00e7\u00f5es e qualificar, cada vez mais, os atendimentos especializados para crian\u00e7as, adolescentes, adultos, gestantes e idosos vivendo com esses diagn\u00f3sticos. O novo servi\u00e7o j\u00e1 est\u00e1 em funcionamento junto ao Centro de Especialidades da FUMSSAR. Com esta habilita\u00e7\u00e3o, Santa Rosa passa a ser refer\u00eancia na regi\u00e3o e ir\u00e1 atender pacientes dos munic\u00edpios que comp\u00f5em a 14\u00aa Coordenadoria Regional de Sa\u00fade (14\u00aa CRS).<\/p>\n\n\n\n<p>Para atender cerca de 600 pacientes dos 22 munic\u00edpios que fazem parte da regional, o Centro receber\u00e1 um incentivo mensal, pr\u00e9-fixado, no valor de R$ 80 mil. Os recursos da Secretaria Estadual da Sa\u00fade (SES), ser\u00e3o utilizados no custeio dos servi\u00e7os e tratamento especializado em HIV\/Aids e coinfec\u00e7\u00f5es. O presidente da FUMSSAR, D\u00e9lcio Stefan, destaca que a demanda \u00e9 livre, durante o expediente, e que os pacientes podem acessar o servi\u00e7o a qualquer momento, \u201cN\u00f3s j\u00e1 t\u00ednhamos um \u00f3timo trabalho com os pacientes de Santa Rosa e agora, com a habilita\u00e7\u00e3o do CRAIP, vamos ampliar essas a\u00e7\u00f5es e qualificar ainda mais, o servi\u00e7o que passa a ser regional\u201d.<\/p>\n\n\n\n<p>A cria\u00e7\u00e3o dos CRAIPs faz parte da expans\u00e3o e consolida\u00e7\u00e3o das estrat\u00e9gias de preven\u00e7\u00e3o e enfrentamento ao avan\u00e7o das epidemias de HIV\/Aids, hepatites virais e coinfec\u00e7\u00f5es, e ao aprimoramento da organiza\u00e7\u00e3o da rede de aten\u00e7\u00e3o integral \u00e0 sa\u00fade das pessoas vivendo com HIV\/Aids e outras Infec\u00e7\u00f5es Sexualmente Transmiss\u00edveis (ISTs). D\u00e9lcio tamb\u00e9m ressalta que al\u00e9m do atendimento presencial, o servi\u00e7o tamb\u00e9m est\u00e1 dispon\u00edvel de forma online, \u201cCom o objetivo de proporcionar mais agilidade e comodidade aos pacientes, estamos com uma sala de atendimento virtual, que possibilita para aqueles usu\u00e1rios que n\u00e3o tem como ir at\u00e9 \u00e0 FUMSSAR, acessar o servi\u00e7o\u201d.<\/p>\n\n\n\n<p>O centro conta com uma equipe multiprofissional composta por: M\u00e9dico; Pediatra; Enfermeiro; T\u00e9cnico de Enfermagem; Assistente Social; Psic\u00f3logo e Farmac\u00eautico.<\/p>\n\n\n\n<p>Confira abaixo a lista dos munic\u00edpios da regi\u00e3o que ser\u00e3o contemplados com os servi\u00e7os do CRAIP Santa Rosa:<br>Alecrim, Alegria, Boa vista do Buric\u00e1, Campinas das Miss\u00f5es, C\u00e2ndido God\u00f3i, Doutor Maur\u00edcio Cardoso, Giru\u00e1, Horizontina, Independ\u00eancia, Nova Candel\u00e1ria, Novo Machado, Porto Lucena, Porto Mau\u00e1, Porto Vera Cruz, Santa Rosa, Santo Cristo, S\u00e3o Jos\u00e9 do Inhacor\u00e1, S\u00e3o Paulo das Miss\u00f5es, Senador Salgado Filho, Tr\u00eas de Maio, Tucunduva e Tuparendi.<\/p>\n","protected":false},"excerpt":{"rendered":"<p>Santa Rosa foi contemplada com um Centro Regionalizado de Aten\u00e7\u00e3o Integral e Preven\u00e7\u00e3o \u00e0s Infec\u00e7\u00f5es Sexualmente Transmiss\u00edveis, ao HIV\/Aids e<\/p>\n","protected":false},"author":6,"featured_media":13213,"comment_status":"closed","ping_status":"closed","sticky":false,"template":"","format":"standard","meta":{"footnotes":""},"categories":[4,8],"tags":[],"class_list":["post-13211","post","type-post","status-publish","format-standard","has-post-thumbnail","hentry","category-noticias","category-noticias-fumssar"],"aioseo_notices":[],"_links":{"self":[{"href":"https:\/\/prefeitura.santarosa.rs.gov.br\/index.php?rest_route=\/wp\/v2\/posts\/13211","targetHints":{"allow":["GET"]}}],"collection":[{"href":"https:\/\/prefeitura.santarosa.rs.gov.br\/index.php?rest_route=\/wp\/v2\/posts"}],"about":[{"href":"https:\/\/prefeitura.santarosa.rs.gov.br\/index.php?rest_route=\/wp\/v2\/types\/post"}],"author":[{"embeddable":true,"href":"https:\/\/prefeitura.santarosa.rs.gov.br\/index.php?rest_route=\/wp\/v2\/users\/6"}],"replies":[{"embeddable":true,"href":"https:\/\/prefeitura.santarosa.rs.gov.br\/index.php?rest_route=%2Fwp%2Fv2%2Fcomments&post=13211"}],"version-history":[{"count":1,"href":"https:\/\/prefeitura.santarosa.rs.gov.br\/index.php?rest_route=\/wp\/v2\/posts\/13211\/revisions"}],"predecessor-version":[{"id":13214,"href":"https:\/\/prefeitura.santarosa.rs.gov.br\/index.php?rest_route=\/wp\/v2\/posts\/13211\/revisions\/13214"}],"wp:featuredmedia":[{"embeddable":true,"href":"https:\/\/prefeitura.santarosa.rs.gov.br\/index.php?rest_route=\/wp\/v2\/media\/13213"}],"wp:attachment":[{"href":"https:\/\/prefeitura.santarosa.rs.gov.br\/index.php?rest_route=%2Fwp%2Fv2%2Fmedia&parent=13211"}],"wp:term":[{"taxonomy":"category","embeddable":true,"href":"https:\/\/prefeitura.santarosa.rs.gov.br\/index.php?rest_route=%2Fwp%2Fv2%2Fcategories&post=13211"},{"taxonomy":"post_tag","embeddable":true,"href":"https:\/\/prefeitura.santarosa.rs.gov.br\/index.php?rest_route=%2Fwp%2Fv2%2Ftags&post=13211"}],"curies":[{"name":"wp","href":"https:\/\/api.w.org\/{rel}","templated":true}]}}