{"id":13207,"date":"2025-03-18T09:22:21","date_gmt":"2025-03-18T12:22:21","guid":{"rendered":"https:\/\/prefeitura.santarosa.rs.gov.br\/?p=13207"},"modified":"2025-03-18T09:22:21","modified_gmt":"2025-03-18T12:22:21","slug":"prefeito-participa-de-reunioes-estrategicas-na-capital","status":"publish","type":"post","link":"https:\/\/prefeitura.santarosa.rs.gov.br\/?p=13207","title":{"rendered":"Prefeito participa de reuni\u00f5es estrat\u00e9gicas na Capital"},"content":{"rendered":"\n<figure class=\"wp-block-image size-full\"><img fetchpriority=\"high\" decoding=\"async\" width=\"860\" height=\"645\" src=\"https:\/\/prefeitura.santarosa.rs.gov.br\/wp-content\/uploads\/2025\/03\/Formato-Site-e-Portal-860X645-JPG-2025-03-18T091444.444.jpg\" alt=\"\" class=\"wp-image-13208\" srcset=\"https:\/\/prefeitura.santarosa.rs.gov.br\/wp-content\/uploads\/2025\/03\/Formato-Site-e-Portal-860X645-JPG-2025-03-18T091444.444.jpg 860w, https:\/\/prefeitura.santarosa.rs.gov.br\/wp-content\/uploads\/2025\/03\/Formato-Site-e-Portal-860X645-JPG-2025-03-18T091444.444-300x225.jpg 300w, https:\/\/prefeitura.santarosa.rs.gov.br\/wp-content\/uploads\/2025\/03\/Formato-Site-e-Portal-860X645-JPG-2025-03-18T091444.444-768x576.jpg 768w\" sizes=\"(max-width: 860px) 100vw, 860px\" \/><\/figure>\n\n\n\n<p>O Prefeito Anderson Mantei esteve em Porto Alegre na segunda-feira (17), para participar de importantes reuni\u00f5es que buscam o avan\u00e7o de projetos fundamentais para Santa Rosa. Os encontros estrat\u00e9gicos, abordaram temas como a constru\u00e7\u00e3o de pontes internacionais e o desenvolvimento de recursos para o setor de sa\u00fade.<\/p>\n\n\n\n<p>A primeira agenda foi uma reuni\u00e3o sobre a constru\u00e7\u00e3o de pontes internacionais: Ponte El Sobierbo, Ponte de Porto Mau\u00e1 e Ponte Alvear-Itaqui. O encontro foi conduzido pelo Vice-governador, Gabriel Souza, que discutiu a viabilidade e o avan\u00e7o dessas obras. O prefeito Anderson Mantei destacou que esse \u00e9 um tema que vem sendo debatido h\u00e1 tempo e que muitos esfor\u00e7os est\u00e3o sendo realizados para que o projeto avance, &#8220;Estamos empenhados em agilizar essa obra que ser\u00e1 estrat\u00e9gica para fortalecer o com\u00e9rcio e o turismo entre o Brasil e a Argentina. Essa \u00e9 uma ponte muito aguardada e que com certeza vai trazer in\u00fameros benef\u00edcios para os dois pa\u00edses&#8221;.<\/p>\n\n\n\n<p>Na sequ\u00eancia, acompanhado do presidente do Hospital Vida e Sa\u00fade, Sidnei Strejevitch e da diretora-geral, Vanderli de Barros, participou de um encontro tamb\u00e9m com a presen\u00e7a do vice-governador e da Secret\u00e1ria-adjunta da SES\/RS, Ana Costa. Na oportunidade, a comitiva de Santa Rosa apresentou o andamento das obras do Servi\u00e7o de Alta Complexidade em Cardiologia e apresentou projetos solicitando novos recursos para o HVS.<\/p>\n\n\n\n<p>Nesta ter\u00e7a-feira (18), Anderson segue para Bras\u00edlia onde ter\u00e1 agendas no Minist\u00e9rio da Educa\u00e7\u00e3o e na Casa Civil, com uma reuni\u00e3o sobre os recursos para a obra do aeroporto, anunciados pelo Ministro de Portos e Aeroportos.<\/p>\n\n\n\n<p><\/p>\n","protected":false},"excerpt":{"rendered":"<p>O Prefeito Anderson Mantei esteve em Porto Alegre na segunda-feira (17), para participar de importantes reuni\u00f5es que buscam o avan\u00e7o<\/p>\n","protected":false},"author":6,"featured_media":13209,"comment_status":"closed","ping_status":"closed","sticky":false,"template":"","format":"standard","meta":{"footnotes":""},"categories":[4,3],"tags":[],"class_list":["post-13207","post","type-post","status-publish","format-standard","has-post-thumbnail","hentry","category-noticias","category-gabinete-do-prefeito"],"aioseo_notices":[],"_links":{"self":[{"href":"https:\/\/prefeitura.santarosa.rs.gov.br\/index.php?rest_route=\/wp\/v2\/posts\/13207","targetHints":{"allow":["GET"]}}],"collection":[{"href":"https:\/\/prefeitura.santarosa.rs.gov.br\/index.php?rest_route=\/wp\/v2\/posts"}],"about":[{"href":"https:\/\/prefeitura.santarosa.rs.gov.br\/index.php?rest_route=\/wp\/v2\/types\/post"}],"author":[{"embeddable":true,"href":"https:\/\/prefeitura.santarosa.rs.gov.br\/index.php?rest_route=\/wp\/v2\/users\/6"}],"replies":[{"embeddable":true,"href":"https:\/\/prefeitura.santarosa.rs.gov.br\/index.php?rest_route=%2Fwp%2Fv2%2Fcomments&post=13207"}],"version-history":[{"count":1,"href":"https:\/\/prefeitura.santarosa.rs.gov.br\/index.php?rest_route=\/wp\/v2\/posts\/13207\/revisions"}],"predecessor-version":[{"id":13210,"href":"https:\/\/prefeitura.santarosa.rs.gov.br\/index.php?rest_route=\/wp\/v2\/posts\/13207\/revisions\/13210"}],"wp:featuredmedia":[{"embeddable":true,"href":"https:\/\/prefeitura.santarosa.rs.gov.br\/index.php?rest_route=\/wp\/v2\/media\/13209"}],"wp:attachment":[{"href":"https:\/\/prefeitura.santarosa.rs.gov.br\/index.php?rest_route=%2Fwp%2Fv2%2Fmedia&parent=13207"}],"wp:term":[{"taxonomy":"category","embeddable":true,"href":"https:\/\/prefeitura.santarosa.rs.gov.br\/index.php?rest_route=%2Fwp%2Fv2%2Fcategories&post=13207"},{"taxonomy":"post_tag","embeddable":true,"href":"https:\/\/prefeitura.santarosa.rs.gov.br\/index.php?rest_route=%2Fwp%2Fv2%2Ftags&post=13207"}],"curies":[{"name":"wp","href":"https:\/\/api.w.org\/{rel}","templated":true}]}}