{"id":13202,"date":"2025-03-17T17:22:13","date_gmt":"2025-03-17T20:22:13","guid":{"rendered":"https:\/\/prefeitura.santarosa.rs.gov.br\/?p=13202"},"modified":"2025-03-17T17:22:13","modified_gmt":"2025-03-17T20:22:13","slug":"mais-de-14-toneladas-de-lixo-eletronico-foram-recolhidas-em-santa-rosa","status":"publish","type":"post","link":"https:\/\/prefeitura.santarosa.rs.gov.br\/?p=13202","title":{"rendered":"Mais de 14 toneladas de lixo eletr\u00f4nico foram recolhidas em Santa Rosa"},"content":{"rendered":"\n<figure class=\"wp-block-image size-full\"><img fetchpriority=\"high\" decoding=\"async\" width=\"860\" height=\"645\" src=\"https:\/\/prefeitura.santarosa.rs.gov.br\/wp-content\/uploads\/2025\/03\/Formato-Site-e-Portal-860X645-JPG-2025-03-17T172133.886.jpg\" alt=\"\" class=\"wp-image-13203\" srcset=\"https:\/\/prefeitura.santarosa.rs.gov.br\/wp-content\/uploads\/2025\/03\/Formato-Site-e-Portal-860X645-JPG-2025-03-17T172133.886.jpg 860w, https:\/\/prefeitura.santarosa.rs.gov.br\/wp-content\/uploads\/2025\/03\/Formato-Site-e-Portal-860X645-JPG-2025-03-17T172133.886-300x225.jpg 300w, https:\/\/prefeitura.santarosa.rs.gov.br\/wp-content\/uploads\/2025\/03\/Formato-Site-e-Portal-860X645-JPG-2025-03-17T172133.886-768x576.jpg 768w\" sizes=\"(max-width: 860px) 100vw, 860px\" \/><\/figure>\n\n\n\n<p>A Prefeitura de Santa Rosa, por meio da Secretaria de Meio Ambiente, realizou no \u00faltimo s\u00e1bado (15), a primeira a\u00e7\u00e3o de 2025 da campanha Recicla Santa Rosa. O evento, que aconteceu no Tape Por\u00e3, reuniu a comunidade e contou com o apoio das empresas Natusomos e Coopersol. No local, foram recolhidas mais de 14 toneladas de res\u00edduos eletr\u00f4nicos (20 m\u00b3 &#8211; 14.485 kg), 210 litros de \u00f3leo de cozinha usado e 80 kg de pilhas e baterias. Al\u00e9m disso, foram distribu\u00eddas para a popula\u00e7\u00e3o 200 barras de sab\u00e3o e 180 mudas de \u00e1rvores nativas. Outro destaque da a\u00e7\u00e3o foi a ado\u00e7\u00e3o de animais de estima\u00e7\u00e3o que foram encaminhados para novos lares em Santa Rosa.<\/p>\n\n\n\n<p>Todo o material recolhido foi encaminhado para o descarte adequado. O Secret\u00e1rio de Meio Ambiente, Gustavo Foliatti, ressaltou a import\u00e2ncia da a\u00e7\u00e3o, &#8220;Estamos muito satisfeitos com o engajamento da comunidade. Cada vez mais as pessoas se tornam conscientes da necessidade de reciclar e fazer a destina\u00e7\u00e3o correta dos res\u00edduos&#8221;.<\/p>\n\n\n\n<p>Os pr\u00f3ximos encontros do Recicla Santa Rosa v\u00e3o ocorrer no dia 07 de junho, na Pra\u00e7a da Bandeira, e no dia 18 de outubro, na Pra\u00e7a da Sulina.<\/p>\n","protected":false},"excerpt":{"rendered":"<p>A Prefeitura de Santa Rosa, por meio da Secretaria de Meio Ambiente, realizou no \u00faltimo s\u00e1bado (15), a primeira a\u00e7\u00e3o<\/p>\n","protected":false},"author":6,"featured_media":13204,"comment_status":"open","ping_status":"open","sticky":false,"template":"","format":"standard","meta":{"footnotes":""},"categories":[4,20],"tags":[],"class_list":["post-13202","post","type-post","status-publish","format-standard","has-post-thumbnail","hentry","category-noticias","category-secretaria-municipal-de-meio-ambiente"],"aioseo_notices":[],"_links":{"self":[{"href":"https:\/\/prefeitura.santarosa.rs.gov.br\/index.php?rest_route=\/wp\/v2\/posts\/13202","targetHints":{"allow":["GET"]}}],"collection":[{"href":"https:\/\/prefeitura.santarosa.rs.gov.br\/index.php?rest_route=\/wp\/v2\/posts"}],"about":[{"href":"https:\/\/prefeitura.santarosa.rs.gov.br\/index.php?rest_route=\/wp\/v2\/types\/post"}],"author":[{"embeddable":true,"href":"https:\/\/prefeitura.santarosa.rs.gov.br\/index.php?rest_route=\/wp\/v2\/users\/6"}],"replies":[{"embeddable":true,"href":"https:\/\/prefeitura.santarosa.rs.gov.br\/index.php?rest_route=%2Fwp%2Fv2%2Fcomments&post=13202"}],"version-history":[{"count":1,"href":"https:\/\/prefeitura.santarosa.rs.gov.br\/index.php?rest_route=\/wp\/v2\/posts\/13202\/revisions"}],"predecessor-version":[{"id":13205,"href":"https:\/\/prefeitura.santarosa.rs.gov.br\/index.php?rest_route=\/wp\/v2\/posts\/13202\/revisions\/13205"}],"wp:featuredmedia":[{"embeddable":true,"href":"https:\/\/prefeitura.santarosa.rs.gov.br\/index.php?rest_route=\/wp\/v2\/media\/13204"}],"wp:attachment":[{"href":"https:\/\/prefeitura.santarosa.rs.gov.br\/index.php?rest_route=%2Fwp%2Fv2%2Fmedia&parent=13202"}],"wp:term":[{"taxonomy":"category","embeddable":true,"href":"https:\/\/prefeitura.santarosa.rs.gov.br\/index.php?rest_route=%2Fwp%2Fv2%2Fcategories&post=13202"},{"taxonomy":"post_tag","embeddable":true,"href":"https:\/\/prefeitura.santarosa.rs.gov.br\/index.php?rest_route=%2Fwp%2Fv2%2Ftags&post=13202"}],"curies":[{"name":"wp","href":"https:\/\/api.w.org\/{rel}","templated":true}]}}