{"id":13192,"date":"2025-03-14T17:23:41","date_gmt":"2025-03-14T20:23:41","guid":{"rendered":"https:\/\/prefeitura.santarosa.rs.gov.br\/?p=13192"},"modified":"2025-03-17T07:49:52","modified_gmt":"2025-03-17T10:49:52","slug":"lancamento-da-20a-feira-do-livro-de-santa-rosaprefeitura-anuncia-os-nomes-do-patrono-e-escritor-homenageado","status":"publish","type":"post","link":"https:\/\/prefeitura.santarosa.rs.gov.br\/?p=13192","title":{"rendered":"Lan\u00e7amento da 20\u00aa Feira do Livro de Santa Rosa"},"content":{"rendered":"\n<p>Prefeitura anuncia os nomes do Patrono e Escritor Homenageado<\/p>\n\n\n\n<figure class=\"wp-block-image size-full\"><img fetchpriority=\"high\" decoding=\"async\" width=\"860\" height=\"645\" src=\"https:\/\/prefeitura.santarosa.rs.gov.br\/wp-content\/uploads\/2025\/03\/Formato-Site-e-Portal-860X645-JPG-2025-03-14T171937.133.jpg\" alt=\"\" class=\"wp-image-13193\" srcset=\"https:\/\/prefeitura.santarosa.rs.gov.br\/wp-content\/uploads\/2025\/03\/Formato-Site-e-Portal-860X645-JPG-2025-03-14T171937.133.jpg 860w, https:\/\/prefeitura.santarosa.rs.gov.br\/wp-content\/uploads\/2025\/03\/Formato-Site-e-Portal-860X645-JPG-2025-03-14T171937.133-300x225.jpg 300w, https:\/\/prefeitura.santarosa.rs.gov.br\/wp-content\/uploads\/2025\/03\/Formato-Site-e-Portal-860X645-JPG-2025-03-14T171937.133-768x576.jpg 768w\" sizes=\"(max-width: 860px) 100vw, 860px\" \/><\/figure>\n\n\n\n<p>A Prefeitura por meio da Secretaria de Educa\u00e7\u00e3o e Cultura, realizou nesta sexta-feira (14), o Lan\u00e7amento da 20\u00aa Feira do Livro de Santa Rosa. A a\u00e7\u00e3o aconteceu na Biblioteca P\u00fablica Municipal Olavo Bilac e reuniu escritores, autoridades e a comunidade. Na oportunidade, foram anunciados os nomes do Patrono e do Escritor Homenageado desta edi\u00e7\u00e3o, que possui o tema: \u201cLer \u00e9 uma aventura fant\u00e1stica\u201d. Os escolhidos foram o escritor, jornalista e pesquisador, Jacob Petry como Patrono e Claudiomiro Sorriso, como Escritor Homenageado.<\/p>\n\n\n\n<p>O patrono e o escritor homenageado foram recebidos pelo Prefeito Anderson Mantei na Prefeitura. Durante o encontro, a Secret\u00e1ria de Educa\u00e7\u00e3o e Cultura, Josyane Heck, falou sobre os \u00faltimos preparativos para a feira e destacou que este \u00e9 um evento aguardado por todos os p\u00fablicos e faixas et\u00e1rias, \u201cA Feira do Livro \u00e9 um momento de reencontro com a cultura e a leitura. \u00c9 importante salientar que o Governo Municipal \u00e9 parceiro da feira e distribui para todos os alunos da Rede Municipal, do Ensino Fundamental, 1\u00ba ao 9\u00ba ano, um vale-livro. Um grande incentivo que proporciona aos jovens adquirir de forma gratuita, um exemplar liter\u00e1rio\u201d.<\/p>\n\n\n\n<p>Entre as atra\u00e7\u00f5es da feira, est\u00e3o previstos os lan\u00e7amentos de 12 livros. A 20\u00aa Feira do Livro de Santa Rosa vai acontecer entre os dias de 09 a 15 de abril em frente \u00e0 Biblioteca Municipal. Um dos diferenciais desta edi\u00e7\u00e3o ser\u00e1 o hor\u00e1rio de visita\u00e7\u00e3o ampliado, das 07h45min \u00e0s 21 horas, nos dias de semana.<\/p>\n","protected":false},"excerpt":{"rendered":"<p>Prefeitura anuncia os nomes do Patrono e Escritor Homenageado A Prefeitura por meio da Secretaria de Educa\u00e7\u00e3o e Cultura, realizou<\/p>\n","protected":false},"author":6,"featured_media":13194,"comment_status":"closed","ping_status":"closed","sticky":false,"template":"","format":"standard","meta":{"footnotes":""},"categories":[4,18],"tags":[],"class_list":["post-13192","post","type-post","status-publish","format-standard","has-post-thumbnail","hentry","category-noticias","category-secretaria-municipal-de-educacao-e-cultura"],"aioseo_notices":[],"_links":{"self":[{"href":"https:\/\/prefeitura.santarosa.rs.gov.br\/index.php?rest_route=\/wp\/v2\/posts\/13192","targetHints":{"allow":["GET"]}}],"collection":[{"href":"https:\/\/prefeitura.santarosa.rs.gov.br\/index.php?rest_route=\/wp\/v2\/posts"}],"about":[{"href":"https:\/\/prefeitura.santarosa.rs.gov.br\/index.php?rest_route=\/wp\/v2\/types\/post"}],"author":[{"embeddable":true,"href":"https:\/\/prefeitura.santarosa.rs.gov.br\/index.php?rest_route=\/wp\/v2\/users\/6"}],"replies":[{"embeddable":true,"href":"https:\/\/prefeitura.santarosa.rs.gov.br\/index.php?rest_route=%2Fwp%2Fv2%2Fcomments&post=13192"}],"version-history":[{"count":3,"href":"https:\/\/prefeitura.santarosa.rs.gov.br\/index.php?rest_route=\/wp\/v2\/posts\/13192\/revisions"}],"predecessor-version":[{"id":13197,"href":"https:\/\/prefeitura.santarosa.rs.gov.br\/index.php?rest_route=\/wp\/v2\/posts\/13192\/revisions\/13197"}],"wp:featuredmedia":[{"embeddable":true,"href":"https:\/\/prefeitura.santarosa.rs.gov.br\/index.php?rest_route=\/wp\/v2\/media\/13194"}],"wp:attachment":[{"href":"https:\/\/prefeitura.santarosa.rs.gov.br\/index.php?rest_route=%2Fwp%2Fv2%2Fmedia&parent=13192"}],"wp:term":[{"taxonomy":"category","embeddable":true,"href":"https:\/\/prefeitura.santarosa.rs.gov.br\/index.php?rest_route=%2Fwp%2Fv2%2Fcategories&post=13192"},{"taxonomy":"post_tag","embeddable":true,"href":"https:\/\/prefeitura.santarosa.rs.gov.br\/index.php?rest_route=%2Fwp%2Fv2%2Ftags&post=13192"}],"curies":[{"name":"wp","href":"https:\/\/api.w.org\/{rel}","templated":true}]}}