{"id":13187,"date":"2025-03-14T15:34:24","date_gmt":"2025-03-14T18:34:24","guid":{"rendered":"https:\/\/prefeitura.santarosa.rs.gov.br\/?p=13187"},"modified":"2025-03-14T15:34:24","modified_gmt":"2025-03-14T18:34:24","slug":"recicla-santa-rosa-vai-acontecer-neste-sabado","status":"publish","type":"post","link":"https:\/\/prefeitura.santarosa.rs.gov.br\/?p=13187","title":{"rendered":"Recicla Santa Rosa vai acontecer neste s\u00e1bado"},"content":{"rendered":"\n<figure class=\"wp-block-image size-full\"><img fetchpriority=\"high\" decoding=\"async\" width=\"860\" height=\"645\" src=\"https:\/\/prefeitura.santarosa.rs.gov.br\/wp-content\/uploads\/2025\/03\/Formato-Site-e-Portal-860X645-JPG-2025-03-14T153317.586.jpg\" alt=\"\" class=\"wp-image-13188\" srcset=\"https:\/\/prefeitura.santarosa.rs.gov.br\/wp-content\/uploads\/2025\/03\/Formato-Site-e-Portal-860X645-JPG-2025-03-14T153317.586.jpg 860w, https:\/\/prefeitura.santarosa.rs.gov.br\/wp-content\/uploads\/2025\/03\/Formato-Site-e-Portal-860X645-JPG-2025-03-14T153317.586-300x225.jpg 300w, https:\/\/prefeitura.santarosa.rs.gov.br\/wp-content\/uploads\/2025\/03\/Formato-Site-e-Portal-860X645-JPG-2025-03-14T153317.586-768x576.jpg 768w\" sizes=\"(max-width: 860px) 100vw, 860px\" \/><\/figure>\n\n\n\n<p>A Prefeitura de Santa Rosa, por meio da Secretaria de Meio Ambiente, vai realizar no pr\u00f3ximo s\u00e1bado (15\/03), a primeira a\u00e7\u00e3o de 2025 da campanha Recicla Santa Rosa. O evento acontecer\u00e1 no Tape Por\u00e3 (pr\u00f3ximo ao Divino), das 08h \u00e0s 17h. A programa\u00e7\u00e3o inclui o recolhimento de res\u00edduos eletr\u00f4nicos, \u00f3leo usado, pilhas e baterias, tampinhas e blisters, al\u00e9m da doa\u00e7\u00e3o de mudas, ado\u00e7\u00e3o de pets, distribui\u00e7\u00e3o de folders e adesivos educativos, e atendimento para a popula\u00e7\u00e3o com esclarecimento de d\u00favidas e procedimentos da Secretaria de Meio Ambiente.<\/p>\n\n\n\n<p>A a\u00e7\u00e3o \u00e9 uma parceria entre o munic\u00edpio e as institui\u00e7\u00f5es Natusomos e Coopersol. O Secret\u00e1rio de Meio Ambiente, Gustavo Foliatti, convida a comunidade para participar do evento, \u201cEssa \u00e9 uma oportunidade para a popula\u00e7\u00e3o fazer o destino correto destes materiais e contribuir para o meio ambiente. Convidamos a todos para que prestigiem a atividade&#8221;.<\/p>\n\n\n\n<p>Os pr\u00f3ximos encontros do Recicla Santa Rosa ir\u00e3o ocorrer no dia 07 de junho, na Pra\u00e7a da Bandeira, e no dia 18 de outubro, na Pra\u00e7a da Sulina.<\/p>\n","protected":false},"excerpt":{"rendered":"<p>A Prefeitura de Santa Rosa, por meio da Secretaria de Meio Ambiente, vai realizar no pr\u00f3ximo s\u00e1bado (15\/03), a primeira<\/p>\n","protected":false},"author":6,"featured_media":13189,"comment_status":"closed","ping_status":"closed","sticky":false,"template":"","format":"standard","meta":{"footnotes":""},"categories":[4,20],"tags":[],"class_list":["post-13187","post","type-post","status-publish","format-standard","has-post-thumbnail","hentry","category-noticias","category-secretaria-municipal-de-meio-ambiente"],"aioseo_notices":[],"_links":{"self":[{"href":"https:\/\/prefeitura.santarosa.rs.gov.br\/index.php?rest_route=\/wp\/v2\/posts\/13187","targetHints":{"allow":["GET"]}}],"collection":[{"href":"https:\/\/prefeitura.santarosa.rs.gov.br\/index.php?rest_route=\/wp\/v2\/posts"}],"about":[{"href":"https:\/\/prefeitura.santarosa.rs.gov.br\/index.php?rest_route=\/wp\/v2\/types\/post"}],"author":[{"embeddable":true,"href":"https:\/\/prefeitura.santarosa.rs.gov.br\/index.php?rest_route=\/wp\/v2\/users\/6"}],"replies":[{"embeddable":true,"href":"https:\/\/prefeitura.santarosa.rs.gov.br\/index.php?rest_route=%2Fwp%2Fv2%2Fcomments&post=13187"}],"version-history":[{"count":1,"href":"https:\/\/prefeitura.santarosa.rs.gov.br\/index.php?rest_route=\/wp\/v2\/posts\/13187\/revisions"}],"predecessor-version":[{"id":13190,"href":"https:\/\/prefeitura.santarosa.rs.gov.br\/index.php?rest_route=\/wp\/v2\/posts\/13187\/revisions\/13190"}],"wp:featuredmedia":[{"embeddable":true,"href":"https:\/\/prefeitura.santarosa.rs.gov.br\/index.php?rest_route=\/wp\/v2\/media\/13189"}],"wp:attachment":[{"href":"https:\/\/prefeitura.santarosa.rs.gov.br\/index.php?rest_route=%2Fwp%2Fv2%2Fmedia&parent=13187"}],"wp:term":[{"taxonomy":"category","embeddable":true,"href":"https:\/\/prefeitura.santarosa.rs.gov.br\/index.php?rest_route=%2Fwp%2Fv2%2Fcategories&post=13187"},{"taxonomy":"post_tag","embeddable":true,"href":"https:\/\/prefeitura.santarosa.rs.gov.br\/index.php?rest_route=%2Fwp%2Fv2%2Ftags&post=13187"}],"curies":[{"name":"wp","href":"https:\/\/api.w.org\/{rel}","templated":true}]}}