{"id":13160,"date":"2025-03-12T17:03:04","date_gmt":"2025-03-12T20:03:04","guid":{"rendered":"https:\/\/prefeitura.santarosa.rs.gov.br\/?p=13160"},"modified":"2025-03-12T17:03:04","modified_gmt":"2025-03-12T20:03:04","slug":"atleta-de-santa-rosa-conquista-duas-medalhas-de-bronze-na-copa-brasil-de-atletismo","status":"publish","type":"post","link":"https:\/\/prefeitura.santarosa.rs.gov.br\/?p=13160","title":{"rendered":"Atleta de Santa Rosa conquista duas medalhas de bronze na Copa Brasil de Atletismo"},"content":{"rendered":"\n<figure class=\"wp-block-image size-full\"><img fetchpriority=\"high\" decoding=\"async\" width=\"860\" height=\"645\" src=\"https:\/\/prefeitura.santarosa.rs.gov.br\/wp-content\/uploads\/2025\/03\/Formato-Site-e-Portal-860X645-JPG-2025-03-12T170147.575.jpg\" alt=\"\" class=\"wp-image-13161\" srcset=\"https:\/\/prefeitura.santarosa.rs.gov.br\/wp-content\/uploads\/2025\/03\/Formato-Site-e-Portal-860X645-JPG-2025-03-12T170147.575.jpg 860w, https:\/\/prefeitura.santarosa.rs.gov.br\/wp-content\/uploads\/2025\/03\/Formato-Site-e-Portal-860X645-JPG-2025-03-12T170147.575-300x225.jpg 300w, https:\/\/prefeitura.santarosa.rs.gov.br\/wp-content\/uploads\/2025\/03\/Formato-Site-e-Portal-860X645-JPG-2025-03-12T170147.575-768x576.jpg 768w\" sizes=\"(max-width: 860px) 100vw, 860px\" \/><\/figure>\n\n\n\n<p>O atleta de Santa Rosa, Pietro Gabriel de Lima da Silva, conquistou 2 medalhas de bronze na Copa Brasil de Atletismo, na categoria sub-18. A competi\u00e7\u00e3o aconteceu na cidade de Bragan\u00e7a Paulista\/SP. Pietro alcan\u00e7ou a marca de 1\u201958\u201d nos 800 metros e 4\u201918\u201d nos 1.500 metros, tendo destaque entre os melhores do pa\u00eds. Nesta semana, o atleta acompanhado do treinador, Professor \u00c1lvaro Miguel Perini, foi recebido na Prefeitura de Santa Rosa, pelo Secret\u00e1rio de Esporte, Cauh\u00e3 Pereira da Silva.<\/p>\n\n\n\n<p>Pietro \u00e9 tamb\u00e9m, o atual campe\u00e3o e recordista ga\u00facho dos 1.000 metros com obst\u00e1culos na categoria sub-16. O secret\u00e1rio Cauh\u00e3 parabenizou o atleta de 15 anos pelas conquistas, &#8220;\u00c9 uma honra para nossa cidade ter um atleta t\u00e3o dedicado como o Pietro. Estas medalhas com certeza s\u00e3o reflexo do trabalho \u00e1rduo e da disciplina que ele demonstra todos os dias. Estamos muito orgulhosos do seu sucesso e continuaremos a apoiar jovens talentos como ele&#8221;.<\/p>\n\n\n\n<p>O jovem atleta, que \u00e9 aluno da EMEF Paul Harris, da Rede Municipal de Ensino, tamb\u00e9m integra a equipe da ANR\/ADIDAS, onde segue treinando e se preparando para novos desafios.<\/p>\n","protected":false},"excerpt":{"rendered":"<p>O atleta de Santa Rosa, Pietro Gabriel de Lima da Silva, conquistou 2 medalhas de bronze na Copa Brasil de<\/p>\n","protected":false},"author":6,"featured_media":13162,"comment_status":"closed","ping_status":"closed","sticky":false,"template":"","format":"standard","meta":{"footnotes":""},"categories":[4,19],"tags":[],"class_list":["post-13160","post","type-post","status-publish","format-standard","has-post-thumbnail","hentry","category-noticias","category-secretaria-municipal-de-esporte"],"aioseo_notices":[],"_links":{"self":[{"href":"https:\/\/prefeitura.santarosa.rs.gov.br\/index.php?rest_route=\/wp\/v2\/posts\/13160","targetHints":{"allow":["GET"]}}],"collection":[{"href":"https:\/\/prefeitura.santarosa.rs.gov.br\/index.php?rest_route=\/wp\/v2\/posts"}],"about":[{"href":"https:\/\/prefeitura.santarosa.rs.gov.br\/index.php?rest_route=\/wp\/v2\/types\/post"}],"author":[{"embeddable":true,"href":"https:\/\/prefeitura.santarosa.rs.gov.br\/index.php?rest_route=\/wp\/v2\/users\/6"}],"replies":[{"embeddable":true,"href":"https:\/\/prefeitura.santarosa.rs.gov.br\/index.php?rest_route=%2Fwp%2Fv2%2Fcomments&post=13160"}],"version-history":[{"count":1,"href":"https:\/\/prefeitura.santarosa.rs.gov.br\/index.php?rest_route=\/wp\/v2\/posts\/13160\/revisions"}],"predecessor-version":[{"id":13163,"href":"https:\/\/prefeitura.santarosa.rs.gov.br\/index.php?rest_route=\/wp\/v2\/posts\/13160\/revisions\/13163"}],"wp:featuredmedia":[{"embeddable":true,"href":"https:\/\/prefeitura.santarosa.rs.gov.br\/index.php?rest_route=\/wp\/v2\/media\/13162"}],"wp:attachment":[{"href":"https:\/\/prefeitura.santarosa.rs.gov.br\/index.php?rest_route=%2Fwp%2Fv2%2Fmedia&parent=13160"}],"wp:term":[{"taxonomy":"category","embeddable":true,"href":"https:\/\/prefeitura.santarosa.rs.gov.br\/index.php?rest_route=%2Fwp%2Fv2%2Fcategories&post=13160"},{"taxonomy":"post_tag","embeddable":true,"href":"https:\/\/prefeitura.santarosa.rs.gov.br\/index.php?rest_route=%2Fwp%2Fv2%2Ftags&post=13160"}],"curies":[{"name":"wp","href":"https:\/\/api.w.org\/{rel}","templated":true}]}}