{"id":1316,"date":"2021-06-30T13:33:00","date_gmt":"2021-06-30T16:33:00","guid":{"rendered":"https:\/\/prefeitura.santarosa.rs.gov.br\/?p=1316"},"modified":"2024-10-07T09:55:01","modified_gmt":"2024-10-07T12:55:01","slug":"prefeito-em-busca-de-melhorias-para-educacao","status":"publish","type":"post","link":"https:\/\/prefeitura.santarosa.rs.gov.br\/?p=1316","title":{"rendered":"Prefeito em busca de melhorias para Educa\u00e7\u00e3o"},"content":{"rendered":"\n<p>Por media\u00e7\u00e3o do Deputado Federal Osmar Terra, o prefeito e o Secret\u00e1rio de Planejamento Cl\u00e1udio Franke estiveram com o Ministro da Educa\u00e7\u00e3o Milton Ribeiro.<\/p>\n\n\n\n<p>A Educa\u00e7\u00e3o \u00e9 um dos focos principais da viagem do Prefeito Anderson Mantei desta semana. Em Bras\u00edlia, ele est\u00e1 realizando diversas agendas para encaminhar projetos para \u00e1rea. Nesta quarta-feira(30), por media\u00e7\u00e3o do Deputado Federal Osmar Terra, o prefeito e o Secret\u00e1rio de Planejamento Cl\u00e1udio Franke estiveram com o Ministro da Educa\u00e7\u00e3o Milton Ribeiro.<br><br>Na oportunidade, Anderson verificou como est\u00e1 o andamento do projeto de amplia\u00e7\u00e3o da Escola Municipal de Educa\u00e7\u00e3o Infantil Recanto da Crian\u00e7a. A EMEI localizada na Timba\u00fava deve ter sua infraestrutura ampliada para poder receber mais alunos com essa a\u00e7\u00e3o. O Prefeito tamb\u00e9m tratou sobre o projeto de constru\u00e7\u00e3o de uma EMEI do Programa Proinf\u00e2ncia tipo 1 para o Loteamento Vargas.<br><br>Essa \u00e9 uma antiga demanda da comunidade, \u201cTodos os projetos que estamos em busca no Minist\u00e9rio da Educa\u00e7\u00e3o s\u00e3o extremamente importantes para nossa comunidade. Tivemos um grande apoio do Ministro da Educa\u00e7\u00e3o e do Deputado Osmar Terra e sa\u00edmos da reuni\u00e3o bastante otimistas com esses avan\u00e7os para nossa educa\u00e7\u00e3o\u201d, destaca Anderson.<br><br>Para a Escola Municipal de Ensino Fundamental Francisco Xavier Giordani, da Planalto, tamb\u00e9m foi solicitado um recurso a parte para melhorias na estrutura da escola. O Prefeito e o Secret\u00e1rio Cl\u00e1udio Franke tiveram retornos positivos para o andamento e a libera\u00e7\u00e3o dos tr\u00eas projetos.<\/p>\n","protected":false},"excerpt":{"rendered":"<p>Por media\u00e7\u00e3o do Deputado Federal Osmar Terra, o prefeito e o Secret\u00e1rio de Planejamento Cl\u00e1udio Franke estiveram com o Ministro<\/p>\n","protected":false},"author":3,"featured_media":1317,"comment_status":"open","ping_status":"open","sticky":false,"template":"","format":"standard","meta":{"footnotes":""},"categories":[4,3],"tags":[],"class_list":["post-1316","post","type-post","status-publish","format-standard","has-post-thumbnail","hentry","category-noticias","category-gabinete-do-prefeito"],"aioseo_notices":[],"_links":{"self":[{"href":"https:\/\/prefeitura.santarosa.rs.gov.br\/index.php?rest_route=\/wp\/v2\/posts\/1316","targetHints":{"allow":["GET"]}}],"collection":[{"href":"https:\/\/prefeitura.santarosa.rs.gov.br\/index.php?rest_route=\/wp\/v2\/posts"}],"about":[{"href":"https:\/\/prefeitura.santarosa.rs.gov.br\/index.php?rest_route=\/wp\/v2\/types\/post"}],"author":[{"embeddable":true,"href":"https:\/\/prefeitura.santarosa.rs.gov.br\/index.php?rest_route=\/wp\/v2\/users\/3"}],"replies":[{"embeddable":true,"href":"https:\/\/prefeitura.santarosa.rs.gov.br\/index.php?rest_route=%2Fwp%2Fv2%2Fcomments&post=1316"}],"version-history":[{"count":1,"href":"https:\/\/prefeitura.santarosa.rs.gov.br\/index.php?rest_route=\/wp\/v2\/posts\/1316\/revisions"}],"predecessor-version":[{"id":1318,"href":"https:\/\/prefeitura.santarosa.rs.gov.br\/index.php?rest_route=\/wp\/v2\/posts\/1316\/revisions\/1318"}],"wp:featuredmedia":[{"embeddable":true,"href":"https:\/\/prefeitura.santarosa.rs.gov.br\/index.php?rest_route=\/wp\/v2\/media\/1317"}],"wp:attachment":[{"href":"https:\/\/prefeitura.santarosa.rs.gov.br\/index.php?rest_route=%2Fwp%2Fv2%2Fmedia&parent=1316"}],"wp:term":[{"taxonomy":"category","embeddable":true,"href":"https:\/\/prefeitura.santarosa.rs.gov.br\/index.php?rest_route=%2Fwp%2Fv2%2Fcategories&post=1316"},{"taxonomy":"post_tag","embeddable":true,"href":"https:\/\/prefeitura.santarosa.rs.gov.br\/index.php?rest_route=%2Fwp%2Fv2%2Ftags&post=1316"}],"curies":[{"name":"wp","href":"https:\/\/api.w.org\/{rel}","templated":true}]}}