{"id":13131,"date":"2025-03-11T08:22:07","date_gmt":"2025-03-11T11:22:07","guid":{"rendered":"https:\/\/prefeitura.santarosa.rs.gov.br\/?p=13131"},"modified":"2025-03-11T08:22:08","modified_gmt":"2025-03-11T11:22:08","slug":"primeira-parcela-e-cota-unica-do-iptu-2025-vencem-nesta-semana","status":"publish","type":"post","link":"https:\/\/prefeitura.santarosa.rs.gov.br\/?p=13131","title":{"rendered":"Primeira parcela e cota \u00fanica do IPTU 2025 vencem nesta semana"},"content":{"rendered":"\n<figure class=\"wp-block-image size-full\"><img fetchpriority=\"high\" decoding=\"async\" width=\"860\" height=\"645\" src=\"https:\/\/prefeitura.santarosa.rs.gov.br\/wp-content\/uploads\/2025\/03\/Formato-Site-e-Portal-860X645-JPG-2025-03-11T082115.494.jpg\" alt=\"\" class=\"wp-image-13132\" srcset=\"https:\/\/prefeitura.santarosa.rs.gov.br\/wp-content\/uploads\/2025\/03\/Formato-Site-e-Portal-860X645-JPG-2025-03-11T082115.494.jpg 860w, https:\/\/prefeitura.santarosa.rs.gov.br\/wp-content\/uploads\/2025\/03\/Formato-Site-e-Portal-860X645-JPG-2025-03-11T082115.494-300x225.jpg 300w, https:\/\/prefeitura.santarosa.rs.gov.br\/wp-content\/uploads\/2025\/03\/Formato-Site-e-Portal-860X645-JPG-2025-03-11T082115.494-768x576.jpg 768w\" sizes=\"(max-width: 860px) 100vw, 860px\" \/><\/figure>\n\n\n\n<p>A Prefeitura de Santa Rosa informa que na pr\u00f3xima sexta-feira (14\/03), vence o prazo para o pagamento da primeira parcela ou da cota \u00fanica do IPTU 2025 &#8211; Imposto sobre a Propriedade Predial e Territorial Urbana. O reajuste do imposto foi de 4,76%, correspondente ao \u00cdndice de Pre\u00e7os ao Consumidor Amplo (IPCA), referente ao per\u00edodo de novembro de 2023 a outubro de 2024. At\u00e9 o momento, mais de R$ 5,6 milh\u00f5es j\u00e1 foram pagos ao munic\u00edpio, sendo que 94% desse montante foi quitado em cota \u00fanica. A previs\u00e3o total de arrecada\u00e7\u00e3o para este ano \u00e9 de R$ 34,4 milh\u00f5es.<\/p>\n\n\n\n<p>Assim como nos anos anteriores, ser\u00e1 poss\u00edvel realizar o pagamento em cota \u00fanica ou em 07 parcelas. Para os contribuintes que optarem pelo pagamento em parcela \u00fanica, o desconto pela antecipa\u00e7\u00e3o ser\u00e1 de 4,82%. Conforme o Secret\u00e1rio de Administra\u00e7\u00e3o e Fazenda, Maicon Zamboni, &#8220;O pagamento em parcela \u00fanica \u00e9 uma excelente oportunidade para o contribuinte, que poder\u00e1 evitar o impacto do reajuste&#8221;.<\/p>\n\n\n\n<p>O Governo Municipal tamb\u00e9m alerta para o prazo final da solicita\u00e7\u00e3o de isen\u00e7\u00e3o do IPTU, que tamb\u00e9m se encerra na pr\u00f3xima sexta-feira (14). Podem solicitar a isen\u00e7\u00e3o pessoas f\u00edsicas, propriet\u00e1rias de um \u00fanico im\u00f3vel com valor venal de at\u00e9 R$ 294.716,91 e utilizado como resid\u00eancia, em uma das seguintes condi\u00e7\u00f5es:<\/p>\n\n\n\n<ul class=\"wp-block-list\">\n<li>Aposentados, pensionistas ou pessoas carentes, com idade igual ou superior a 60 anos, e renda familiar de at\u00e9 02 sal\u00e1rios m\u00ednimos.<\/li>\n\n\n\n<li>Portadores de necessidades especiais ou doen\u00e7as graves, com renda familiar de at\u00e9 03 sal\u00e1rios m\u00ednimos, independentemente da idade.<\/li>\n\n\n\n<li>Fam\u00edlias com renda de at\u00e9 05 sal\u00e1rios m\u00ednimos, quando o laudo social indicar que 02 ou mais pessoas na fam\u00edlia possuem defici\u00eancia ou doen\u00e7a grave.<\/li>\n<\/ul>\n\n\n\n<p>A Prefeitura de Santa Rosa possui atualmente mais de 38,7 mil im\u00f3veis tributados no munic\u00edpio. O secret\u00e1rio tamb\u00e9m lembra que, caso algum contribuinte n\u00e3o tenha recebido o carn\u00ea para pagamento, pode retirar a segunda via no site oficial da Prefeitura, atrav\u00e9s do \u00edcone dispon\u00edvel na p\u00e1gina principal. Ap\u00f3s acessar o site, basta pesquisar o im\u00f3vel utilizando o CPF do respons\u00e1vel ou o n\u00famero do cadastro imobili\u00e1rio. Caso o contribuinte n\u00e3o concorde com os lan\u00e7amentos do IPTU, pode solicitar a revis\u00e3o ou corre\u00e7\u00e3o at\u00e9 o vencimento da primeira parcela. Comprovada diverg\u00eancia no lan\u00e7amento, o prazo para pagamento do tributo fica suspenso, at\u00e9 o julgamento do recurso, sem qualquer acr\u00e9scimo.<\/p>\n\n\n\n<p>Confira as datas de vencimento:<br>\u2022 Cota \u00fanica e primeira parcela \u2013 14 de mar\u00e7o<br>\u2022 2\u00aa Parcela \u2013 11 de abril<br>\u2022 3\u00aa Parcela \u2013 09 de maio<br>\u2022 4\u00aa Parcela \u2013 13 de junho<br>\u2022 5\u00aa Parcela \u2013 11 de julho<br>\u2022 6\u00aa Parcela \u2013 08 de agosto<br>\u2022 7\u00aa Parcela \u2013 12 de setembro<\/p>\n","protected":false},"excerpt":{"rendered":"<p>A Prefeitura de Santa Rosa informa que na pr\u00f3xima sexta-feira (14\/03), vence o prazo para o pagamento da primeira parcela<\/p>\n","protected":false},"author":6,"featured_media":13133,"comment_status":"closed","ping_status":"closed","sticky":false,"template":"","format":"standard","meta":{"footnotes":""},"categories":[4,13],"tags":[],"class_list":["post-13131","post","type-post","status-publish","format-standard","has-post-thumbnail","hentry","category-noticias","category-secretaria-municipal-de-administracao-e-fazenda"],"aioseo_notices":[],"_links":{"self":[{"href":"https:\/\/prefeitura.santarosa.rs.gov.br\/index.php?rest_route=\/wp\/v2\/posts\/13131","targetHints":{"allow":["GET"]}}],"collection":[{"href":"https:\/\/prefeitura.santarosa.rs.gov.br\/index.php?rest_route=\/wp\/v2\/posts"}],"about":[{"href":"https:\/\/prefeitura.santarosa.rs.gov.br\/index.php?rest_route=\/wp\/v2\/types\/post"}],"author":[{"embeddable":true,"href":"https:\/\/prefeitura.santarosa.rs.gov.br\/index.php?rest_route=\/wp\/v2\/users\/6"}],"replies":[{"embeddable":true,"href":"https:\/\/prefeitura.santarosa.rs.gov.br\/index.php?rest_route=%2Fwp%2Fv2%2Fcomments&post=13131"}],"version-history":[{"count":1,"href":"https:\/\/prefeitura.santarosa.rs.gov.br\/index.php?rest_route=\/wp\/v2\/posts\/13131\/revisions"}],"predecessor-version":[{"id":13134,"href":"https:\/\/prefeitura.santarosa.rs.gov.br\/index.php?rest_route=\/wp\/v2\/posts\/13131\/revisions\/13134"}],"wp:featuredmedia":[{"embeddable":true,"href":"https:\/\/prefeitura.santarosa.rs.gov.br\/index.php?rest_route=\/wp\/v2\/media\/13133"}],"wp:attachment":[{"href":"https:\/\/prefeitura.santarosa.rs.gov.br\/index.php?rest_route=%2Fwp%2Fv2%2Fmedia&parent=13131"}],"wp:term":[{"taxonomy":"category","embeddable":true,"href":"https:\/\/prefeitura.santarosa.rs.gov.br\/index.php?rest_route=%2Fwp%2Fv2%2Fcategories&post=13131"},{"taxonomy":"post_tag","embeddable":true,"href":"https:\/\/prefeitura.santarosa.rs.gov.br\/index.php?rest_route=%2Fwp%2Fv2%2Ftags&post=13131"}],"curies":[{"name":"wp","href":"https:\/\/api.w.org\/{rel}","templated":true}]}}