{"id":1313,"date":"2021-06-30T16:58:00","date_gmt":"2021-06-30T19:58:00","guid":{"rendered":"https:\/\/prefeitura.santarosa.rs.gov.br\/?p=1313"},"modified":"2024-10-07T09:55:01","modified_gmt":"2024-10-07T12:55:01","slug":"santa-rosa-inicia-vacinacao-para-pessoas-a-partir-dos-46-anos","status":"publish","type":"post","link":"https:\/\/prefeitura.santarosa.rs.gov.br\/?p=1313","title":{"rendered":"Santa Rosa inicia vacina\u00e7\u00e3o para pessoas a partir dos 46 anos"},"content":{"rendered":"\n<p>Todos que forem se vacinar precisam levar documento com foto, CPF, cart\u00e3o SUS e se poss\u00edvel caderneta de vacina\u00e7\u00e3o.<\/p>\n\n\n\n<p>Santa Rosa ir\u00e1 avan\u00e7ar na vacina\u00e7\u00e3o contra a COVID-19, por faixa et\u00e1ria. A partir de amanh\u00e3, 01\/07, quinta-feira, ser\u00e3o vacinadas pessoas a partir dos 46 anos.<br><br>A aplica\u00e7\u00e3o das doses ser\u00e1 feita em todas as Unidades B\u00e1sicas de Sa\u00fade. O atendimento ser\u00e1 mediante agendamento pr\u00e9vio por telefone ou presencial. Todos que forem se vacinar precisam levar documento com foto, CPF, cart\u00e3o SUS e se poss\u00edvel caderneta de vacina\u00e7\u00e3o.<br><br>Santa Rosa j\u00e1 aplicou at\u00e9 o momento, 41.401 doses. Do total, 30.797 foram de D1, essa quantidade corresponde a 42,2% da popula\u00e7\u00e3o vacinada e 10.604 de D2 que corresponde a 14,5% da popula\u00e7\u00e3o.<br><br>* Importante: Pessoas que se vacinaram contra a Influenza (GRIPE) precisam aguardar o prazo de 14 dias para poder receber a vacina contra a COVID-19.<\/p>\n","protected":false},"excerpt":{"rendered":"<p>Todos que forem se vacinar precisam levar documento com foto, CPF, cart\u00e3o SUS e se poss\u00edvel caderneta de vacina\u00e7\u00e3o. Santa<\/p>\n","protected":false},"author":3,"featured_media":1314,"comment_status":"open","ping_status":"open","sticky":false,"template":"","format":"standard","meta":{"footnotes":""},"categories":[6,4,8],"tags":[],"class_list":["post-1313","post","type-post","status-publish","format-standard","has-post-thumbnail","hentry","category-covid-19","category-noticias","category-noticias-fumssar"],"aioseo_notices":[],"_links":{"self":[{"href":"https:\/\/prefeitura.santarosa.rs.gov.br\/index.php?rest_route=\/wp\/v2\/posts\/1313","targetHints":{"allow":["GET"]}}],"collection":[{"href":"https:\/\/prefeitura.santarosa.rs.gov.br\/index.php?rest_route=\/wp\/v2\/posts"}],"about":[{"href":"https:\/\/prefeitura.santarosa.rs.gov.br\/index.php?rest_route=\/wp\/v2\/types\/post"}],"author":[{"embeddable":true,"href":"https:\/\/prefeitura.santarosa.rs.gov.br\/index.php?rest_route=\/wp\/v2\/users\/3"}],"replies":[{"embeddable":true,"href":"https:\/\/prefeitura.santarosa.rs.gov.br\/index.php?rest_route=%2Fwp%2Fv2%2Fcomments&post=1313"}],"version-history":[{"count":1,"href":"https:\/\/prefeitura.santarosa.rs.gov.br\/index.php?rest_route=\/wp\/v2\/posts\/1313\/revisions"}],"predecessor-version":[{"id":1315,"href":"https:\/\/prefeitura.santarosa.rs.gov.br\/index.php?rest_route=\/wp\/v2\/posts\/1313\/revisions\/1315"}],"wp:featuredmedia":[{"embeddable":true,"href":"https:\/\/prefeitura.santarosa.rs.gov.br\/index.php?rest_route=\/wp\/v2\/media\/1314"}],"wp:attachment":[{"href":"https:\/\/prefeitura.santarosa.rs.gov.br\/index.php?rest_route=%2Fwp%2Fv2%2Fmedia&parent=1313"}],"wp:term":[{"taxonomy":"category","embeddable":true,"href":"https:\/\/prefeitura.santarosa.rs.gov.br\/index.php?rest_route=%2Fwp%2Fv2%2Fcategories&post=1313"},{"taxonomy":"post_tag","embeddable":true,"href":"https:\/\/prefeitura.santarosa.rs.gov.br\/index.php?rest_route=%2Fwp%2Fv2%2Ftags&post=1313"}],"curies":[{"name":"wp","href":"https:\/\/api.w.org\/{rel}","templated":true}]}}