{"id":13123,"date":"2025-03-10T09:49:45","date_gmt":"2025-03-10T12:49:45","guid":{"rendered":"https:\/\/prefeitura.santarosa.rs.gov.br\/?p=13123"},"modified":"2025-03-10T09:49:45","modified_gmt":"2025-03-10T12:49:45","slug":"avaliacao-do-sport-club-internacional-em-santa-rosa","status":"publish","type":"post","link":"https:\/\/prefeitura.santarosa.rs.gov.br\/?p=13123","title":{"rendered":"Avalia\u00e7\u00e3o do Sport Club Internacional em Santa Rosa"},"content":{"rendered":"\n<figure class=\"wp-block-image size-full\"><img fetchpriority=\"high\" decoding=\"async\" width=\"860\" height=\"645\" src=\"https:\/\/prefeitura.santarosa.rs.gov.br\/wp-content\/uploads\/2025\/03\/Formato-Site-e-Portal-860X645-JPG-2025-03-10T092921.313.jpg\" alt=\"\" class=\"wp-image-13124\" srcset=\"https:\/\/prefeitura.santarosa.rs.gov.br\/wp-content\/uploads\/2025\/03\/Formato-Site-e-Portal-860X645-JPG-2025-03-10T092921.313.jpg 860w, https:\/\/prefeitura.santarosa.rs.gov.br\/wp-content\/uploads\/2025\/03\/Formato-Site-e-Portal-860X645-JPG-2025-03-10T092921.313-300x225.jpg 300w, https:\/\/prefeitura.santarosa.rs.gov.br\/wp-content\/uploads\/2025\/03\/Formato-Site-e-Portal-860X645-JPG-2025-03-10T092921.313-768x576.jpg 768w\" sizes=\"(max-width: 860px) 100vw, 860px\" \/><\/figure>\n\n\n\n<p>Nos dias 06 e 07 de mar\u00e7o, o est\u00e1dio Carlos Denardin foi palco de um grande evento que reuniu 400 crian\u00e7as e adolescentes, atletas entre 6 e 17 anos, para uma avalia\u00e7\u00e3o do Sport Club Internacional. A a\u00e7\u00e3o foi promovida pela Prefeitura de Santa Rosa por meio da Secretaria de Esporte. Na oportunidade, os avaliadores Bol\u00edvar e o ex-atleta Lico estiveram presentes, e muitos jovens talentos se destacaram.<\/p>\n\n\n\n<p>Durante a avalia\u00e7\u00e3o, Lico ressaltou que Santa Rosa \u00e9 um celeiro de atletas, mencionando grandes nomes como Argel Fuchs, Marcelo Baron e Cl\u00e1udio Taffarel. O Secret\u00e1rio de Esporte, Cauh\u00e3 Pereira, destacou a import\u00e2ncia do evento, &#8220;Esta foi uma excelente oportunidade para os jovens de Santa Rosa e regi\u00e3o que sonham em seguir carreira no futebol profissional. Estamos criando caminhos para que os talentos locais possam se desenvolver e alcan\u00e7ar seus objetivos&#8221;.<\/p>\n\n\n\n<p>Confira a seguir a lista dos atletas aprovados:<\/p>\n\n\n\n<ul class=\"wp-block-list\">\n<li>Carlos Miguel Fernandes<\/li>\n\n\n\n<li>Bernardo Goebel<\/li>\n\n\n\n<li>Davi Santos<\/li>\n\n\n\n<li>Anthony Bender<\/li>\n\n\n\n<li>Diego Schubert<\/li>\n\n\n\n<li>C\u00edcero Gon\u00e7alves<\/li>\n\n\n\n<li>Joeberson Corr\u00eaa<\/li>\n<\/ul>\n\n\n\n<p>Os aprovados ser\u00e3o encaminhados para Porto Alegre para um segundo processo de avalia\u00e7\u00e3o no CT das categorias de base do Inter.<\/p>\n","protected":false},"excerpt":{"rendered":"<p>Nos dias 06 e 07 de mar\u00e7o, o est\u00e1dio Carlos Denardin foi palco de um grande evento que reuniu 400<\/p>\n","protected":false},"author":6,"featured_media":13125,"comment_status":"closed","ping_status":"closed","sticky":false,"template":"","format":"standard","meta":{"footnotes":""},"categories":[4,19],"tags":[],"class_list":["post-13123","post","type-post","status-publish","format-standard","has-post-thumbnail","hentry","category-noticias","category-secretaria-municipal-de-esporte"],"aioseo_notices":[],"_links":{"self":[{"href":"https:\/\/prefeitura.santarosa.rs.gov.br\/index.php?rest_route=\/wp\/v2\/posts\/13123","targetHints":{"allow":["GET"]}}],"collection":[{"href":"https:\/\/prefeitura.santarosa.rs.gov.br\/index.php?rest_route=\/wp\/v2\/posts"}],"about":[{"href":"https:\/\/prefeitura.santarosa.rs.gov.br\/index.php?rest_route=\/wp\/v2\/types\/post"}],"author":[{"embeddable":true,"href":"https:\/\/prefeitura.santarosa.rs.gov.br\/index.php?rest_route=\/wp\/v2\/users\/6"}],"replies":[{"embeddable":true,"href":"https:\/\/prefeitura.santarosa.rs.gov.br\/index.php?rest_route=%2Fwp%2Fv2%2Fcomments&post=13123"}],"version-history":[{"count":1,"href":"https:\/\/prefeitura.santarosa.rs.gov.br\/index.php?rest_route=\/wp\/v2\/posts\/13123\/revisions"}],"predecessor-version":[{"id":13126,"href":"https:\/\/prefeitura.santarosa.rs.gov.br\/index.php?rest_route=\/wp\/v2\/posts\/13123\/revisions\/13126"}],"wp:featuredmedia":[{"embeddable":true,"href":"https:\/\/prefeitura.santarosa.rs.gov.br\/index.php?rest_route=\/wp\/v2\/media\/13125"}],"wp:attachment":[{"href":"https:\/\/prefeitura.santarosa.rs.gov.br\/index.php?rest_route=%2Fwp%2Fv2%2Fmedia&parent=13123"}],"wp:term":[{"taxonomy":"category","embeddable":true,"href":"https:\/\/prefeitura.santarosa.rs.gov.br\/index.php?rest_route=%2Fwp%2Fv2%2Fcategories&post=13123"},{"taxonomy":"post_tag","embeddable":true,"href":"https:\/\/prefeitura.santarosa.rs.gov.br\/index.php?rest_route=%2Fwp%2Fv2%2Ftags&post=13123"}],"curies":[{"name":"wp","href":"https:\/\/api.w.org\/{rel}","templated":true}]}}