{"id":13116,"date":"2025-03-07T16:24:45","date_gmt":"2025-03-07T19:24:45","guid":{"rendered":"https:\/\/prefeitura.santarosa.rs.gov.br\/?p=13116"},"modified":"2025-03-07T16:24:45","modified_gmt":"2025-03-07T19:24:45","slug":"aluno-da-rede-municipal-de-ensino-de-santa-rosa-conquista-medalha-de-ouro-na-olimpiada-brasileira-de-matematica","status":"publish","type":"post","link":"https:\/\/prefeitura.santarosa.rs.gov.br\/?p=13116","title":{"rendered":"Aluno da Rede Municipal de Ensino de Santa Rosa conquista medalha de ouro na Olimp\u00edada Brasileira de Matem\u00e1tica"},"content":{"rendered":"\n<figure class=\"wp-block-image size-full\"><img fetchpriority=\"high\" decoding=\"async\" width=\"860\" height=\"645\" src=\"https:\/\/prefeitura.santarosa.rs.gov.br\/wp-content\/uploads\/2025\/03\/Formato-Site-e-Portal-860X645-JPG-2025-03-07T162300.676.jpg\" alt=\"\" class=\"wp-image-13117\" srcset=\"https:\/\/prefeitura.santarosa.rs.gov.br\/wp-content\/uploads\/2025\/03\/Formato-Site-e-Portal-860X645-JPG-2025-03-07T162300.676.jpg 860w, https:\/\/prefeitura.santarosa.rs.gov.br\/wp-content\/uploads\/2025\/03\/Formato-Site-e-Portal-860X645-JPG-2025-03-07T162300.676-300x225.jpg 300w, https:\/\/prefeitura.santarosa.rs.gov.br\/wp-content\/uploads\/2025\/03\/Formato-Site-e-Portal-860X645-JPG-2025-03-07T162300.676-768x576.jpg 768w\" sizes=\"(max-width: 860px) 100vw, 860px\" \/><\/figure>\n\n\n\n<p>J\u00falio Cesar Vogel Simon, santa-rosense, \u00e9 um dos 200 medalhistas de ouro na 19\u00aa edi\u00e7\u00e3o da Olimp\u00edada Brasileira de Matem\u00e1tica das Escolas P\u00fablicas (OBMEP). O estudante fez hist\u00f3ria ao se tornar o primeiro jovem de uma escola p\u00fablica do munic\u00edpio a conquistar esta classifica\u00e7\u00e3o. J\u00falio \u00e9 aluno do 8\u00ba ano da EMEF Princesa Isabel &#8211; Escola do Campo.<\/p>\n\n\n\n<p>A Ol\u00edmpiada Nacional de Matem\u00e1tica \u00e9 mais do que uma oportunidade de descobrir e aprimorar talentos, ela tamb\u00e9m serve para mostrar que vidas podem ser transformadas por meio do conhecimento. A Secret\u00e1ria de Educa\u00e7\u00e3o de Santa Rosa, Josyane Heck, destacou que a conquista de J\u00falio \u00e9 motivo de grande orgulho para a Rede Municipal de Ensino, e serve como um exemplo do potencial dos estudantes do munic\u00edpio, &#8220;Este \u00e9 um resultado que enche a todos n\u00f3s de alegria e orgulho. A vit\u00f3ria de J\u00falio reflete o empenho dos nossos professores, a dedica\u00e7\u00e3o dos nossos alunos e o compromisso da nossa gest\u00e3o com a qualidade educacional&#8221;.<\/p>\n\n\n\n<p>A OBMEP \u00e9 um projeto nacional voltado \u00e0s escolas p\u00fablicas e privadas de todo o Brasil. Organizada pelo Instituto de Matem\u00e1tica Pura e Aplicada (IMPA), o foco \u00e9 incentivar o estudo da matem\u00e1tica e revelar talentos na \u00e1rea. A cerim\u00f4nia de premia\u00e7\u00e3o da 19\u00aa OBMEP est\u00e1 prevista para ocorrer em junho, no estado do Rio de Janeiro.<\/p>\n","protected":false},"excerpt":{"rendered":"<p>J\u00falio Cesar Vogel Simon, santa-rosense, \u00e9 um dos 200 medalhistas de ouro na 19\u00aa edi\u00e7\u00e3o da Olimp\u00edada Brasileira de Matem\u00e1tica<\/p>\n","protected":false},"author":6,"featured_media":13118,"comment_status":"closed","ping_status":"open","sticky":false,"template":"","format":"standard","meta":{"footnotes":""},"categories":[4,18],"tags":[],"class_list":["post-13116","post","type-post","status-publish","format-standard","has-post-thumbnail","hentry","category-noticias","category-secretaria-municipal-de-educacao-e-cultura"],"aioseo_notices":[],"_links":{"self":[{"href":"https:\/\/prefeitura.santarosa.rs.gov.br\/index.php?rest_route=\/wp\/v2\/posts\/13116","targetHints":{"allow":["GET"]}}],"collection":[{"href":"https:\/\/prefeitura.santarosa.rs.gov.br\/index.php?rest_route=\/wp\/v2\/posts"}],"about":[{"href":"https:\/\/prefeitura.santarosa.rs.gov.br\/index.php?rest_route=\/wp\/v2\/types\/post"}],"author":[{"embeddable":true,"href":"https:\/\/prefeitura.santarosa.rs.gov.br\/index.php?rest_route=\/wp\/v2\/users\/6"}],"replies":[{"embeddable":true,"href":"https:\/\/prefeitura.santarosa.rs.gov.br\/index.php?rest_route=%2Fwp%2Fv2%2Fcomments&post=13116"}],"version-history":[{"count":1,"href":"https:\/\/prefeitura.santarosa.rs.gov.br\/index.php?rest_route=\/wp\/v2\/posts\/13116\/revisions"}],"predecessor-version":[{"id":13119,"href":"https:\/\/prefeitura.santarosa.rs.gov.br\/index.php?rest_route=\/wp\/v2\/posts\/13116\/revisions\/13119"}],"wp:featuredmedia":[{"embeddable":true,"href":"https:\/\/prefeitura.santarosa.rs.gov.br\/index.php?rest_route=\/wp\/v2\/media\/13118"}],"wp:attachment":[{"href":"https:\/\/prefeitura.santarosa.rs.gov.br\/index.php?rest_route=%2Fwp%2Fv2%2Fmedia&parent=13116"}],"wp:term":[{"taxonomy":"category","embeddable":true,"href":"https:\/\/prefeitura.santarosa.rs.gov.br\/index.php?rest_route=%2Fwp%2Fv2%2Fcategories&post=13116"},{"taxonomy":"post_tag","embeddable":true,"href":"https:\/\/prefeitura.santarosa.rs.gov.br\/index.php?rest_route=%2Fwp%2Fv2%2Ftags&post=13116"}],"curies":[{"name":"wp","href":"https:\/\/api.w.org\/{rel}","templated":true}]}}