{"id":13112,"date":"2025-03-07T16:18:32","date_gmt":"2025-03-07T19:18:32","guid":{"rendered":"https:\/\/prefeitura.santarosa.rs.gov.br\/?p=13112"},"modified":"2025-03-10T08:52:20","modified_gmt":"2025-03-10T11:52:20","slug":"prefeito-anderson-mantei-participa-de-agendas-na-expogirua-e-feira-do-butia","status":"publish","type":"post","link":"https:\/\/prefeitura.santarosa.rs.gov.br\/?p=13112","title":{"rendered":"Prefeito Anderson Mantei participa de agendas na ExpoGiru\u00e1 e Feira do Buti\u00e1"},"content":{"rendered":"\n<figure class=\"wp-block-image size-full\"><img fetchpriority=\"high\" decoding=\"async\" width=\"860\" height=\"645\" src=\"https:\/\/prefeitura.santarosa.rs.gov.br\/wp-content\/uploads\/2025\/03\/Formato-Site-e-Portal-860X645-JPG-2025-03-07T161755.667.jpg\" alt=\"\" class=\"wp-image-13113\" srcset=\"https:\/\/prefeitura.santarosa.rs.gov.br\/wp-content\/uploads\/2025\/03\/Formato-Site-e-Portal-860X645-JPG-2025-03-07T161755.667.jpg 860w, https:\/\/prefeitura.santarosa.rs.gov.br\/wp-content\/uploads\/2025\/03\/Formato-Site-e-Portal-860X645-JPG-2025-03-07T161755.667-300x225.jpg 300w, https:\/\/prefeitura.santarosa.rs.gov.br\/wp-content\/uploads\/2025\/03\/Formato-Site-e-Portal-860X645-JPG-2025-03-07T161755.667-768x576.jpg 768w\" sizes=\"(max-width: 860px) 100vw, 860px\" \/><\/figure>\n\n\n\n<p>O Prefeito Anderson Mantei participou nesta sexta-feira (07), do 3\u00ba dia da ExpoGiru\u00e1 e Feira do Buti\u00e1 2025. Durante a visita, ele teve a oportunidade de se reunir com diversas autoridades, incluindo o Governador do Rio Grande do Sul, Eduardo Leite, que tamb\u00e9m estava presente no evento. Na oportunidade, Anderson fez a entrega de importantes projetos ao governador, al\u00e9m de cumprir uma s\u00e9rie de compromissos ao longo do dia.<\/p>\n\n\n\n<p>No per\u00edodo da manh\u00e3, foi realizada a entrega do projeto para a implanta\u00e7\u00e3o de terceiras faixas na ERS-344 ao governador. O pedido foi para que a aprova\u00e7\u00e3o seja realizada com mais agilidade. A a\u00e7\u00e3o foi conduzida em parceria pelas prefeituras de Santa Rosa, Santo \u00c2ngelo e Giru\u00e1, que custearam o projeto executado no trecho entre Santa Rosa e Santo \u00c2ngelo. O prefeito Anderson Mantei, destacou a import\u00e2ncia da obra, \u201cEsta \u00e9 uma a\u00e7\u00e3o que vai beneficiar os moradores dos tr\u00eas munic\u00edpios, como tamb\u00e9m, de todas as pessoas que trafegam neste trecho. Esta \u00e9 uma obra estruturante e fundamental para o desenvolvimento econ\u00f4mico das regi\u00f5es das Miss\u00f5es e da Fronteira Noroeste\u201d.<\/p>\n\n\n\n<p>Anderson tamb\u00e9m percorreu o parque da ExpoGiru\u00e1, concedeu entrevistas e visitou expositores. Na parte da tarde, ele se reuniu com o Senador Luis Carlos Heinze para junto com outros gestores da regi\u00e3o debaterem sobre o tema: &#8220;Como ampliar a capacidade de irriga\u00e7\u00e3o na Regi\u00e3o Noroeste do RS&#8221;. Durante o encontro, que contou tamb\u00e9m com a presen\u00e7a do vice-prefeito Aldemir Ulrich, foi apresentado o mapeamento dos pontos de acumula\u00e7\u00e3o de \u00e1gua e de todo o projeto que ir\u00e1 beneficiar Santa Rosa e mais 10 munic\u00edpios da regi\u00e3o.<\/p>\n","protected":false},"excerpt":{"rendered":"<p>O Prefeito Anderson Mantei participou nesta sexta-feira (07), do 3\u00ba dia da ExpoGiru\u00e1 e Feira do Buti\u00e1 2025. Durante a<\/p>\n","protected":false},"author":6,"featured_media":13114,"comment_status":"closed","ping_status":"open","sticky":false,"template":"","format":"standard","meta":{"footnotes":""},"categories":[4,3],"tags":[],"class_list":["post-13112","post","type-post","status-publish","format-standard","has-post-thumbnail","hentry","category-noticias","category-gabinete-do-prefeito"],"aioseo_notices":[],"_links":{"self":[{"href":"https:\/\/prefeitura.santarosa.rs.gov.br\/index.php?rest_route=\/wp\/v2\/posts\/13112","targetHints":{"allow":["GET"]}}],"collection":[{"href":"https:\/\/prefeitura.santarosa.rs.gov.br\/index.php?rest_route=\/wp\/v2\/posts"}],"about":[{"href":"https:\/\/prefeitura.santarosa.rs.gov.br\/index.php?rest_route=\/wp\/v2\/types\/post"}],"author":[{"embeddable":true,"href":"https:\/\/prefeitura.santarosa.rs.gov.br\/index.php?rest_route=\/wp\/v2\/users\/6"}],"replies":[{"embeddable":true,"href":"https:\/\/prefeitura.santarosa.rs.gov.br\/index.php?rest_route=%2Fwp%2Fv2%2Fcomments&post=13112"}],"version-history":[{"count":2,"href":"https:\/\/prefeitura.santarosa.rs.gov.br\/index.php?rest_route=\/wp\/v2\/posts\/13112\/revisions"}],"predecessor-version":[{"id":13122,"href":"https:\/\/prefeitura.santarosa.rs.gov.br\/index.php?rest_route=\/wp\/v2\/posts\/13112\/revisions\/13122"}],"wp:featuredmedia":[{"embeddable":true,"href":"https:\/\/prefeitura.santarosa.rs.gov.br\/index.php?rest_route=\/wp\/v2\/media\/13114"}],"wp:attachment":[{"href":"https:\/\/prefeitura.santarosa.rs.gov.br\/index.php?rest_route=%2Fwp%2Fv2%2Fmedia&parent=13112"}],"wp:term":[{"taxonomy":"category","embeddable":true,"href":"https:\/\/prefeitura.santarosa.rs.gov.br\/index.php?rest_route=%2Fwp%2Fv2%2Fcategories&post=13112"},{"taxonomy":"post_tag","embeddable":true,"href":"https:\/\/prefeitura.santarosa.rs.gov.br\/index.php?rest_route=%2Fwp%2Fv2%2Ftags&post=13112"}],"curies":[{"name":"wp","href":"https:\/\/api.w.org\/{rel}","templated":true}]}}