{"id":13102,"date":"2025-03-07T10:50:58","date_gmt":"2025-03-07T13:50:58","guid":{"rendered":"https:\/\/prefeitura.santarosa.rs.gov.br\/?p=13102"},"modified":"2025-03-07T10:50:59","modified_gmt":"2025-03-07T13:50:59","slug":"servicos-de-manutencao-nos-cemiterios-municipais-de-santa-rosa","status":"publish","type":"post","link":"https:\/\/prefeitura.santarosa.rs.gov.br\/?p=13102","title":{"rendered":"Servi\u00e7os de manuten\u00e7\u00e3o nos Cemit\u00e9rios Municipais de Santa Rosa"},"content":{"rendered":"\n<figure class=\"wp-block-image size-full\"><img fetchpriority=\"high\" decoding=\"async\" width=\"860\" height=\"645\" src=\"https:\/\/prefeitura.santarosa.rs.gov.br\/wp-content\/uploads\/2025\/03\/Formato-Site-e-Portal-860X645-JPG-2025-03-07T104949.687.jpg\" alt=\"\" class=\"wp-image-13103\" srcset=\"https:\/\/prefeitura.santarosa.rs.gov.br\/wp-content\/uploads\/2025\/03\/Formato-Site-e-Portal-860X645-JPG-2025-03-07T104949.687.jpg 860w, https:\/\/prefeitura.santarosa.rs.gov.br\/wp-content\/uploads\/2025\/03\/Formato-Site-e-Portal-860X645-JPG-2025-03-07T104949.687-300x225.jpg 300w, https:\/\/prefeitura.santarosa.rs.gov.br\/wp-content\/uploads\/2025\/03\/Formato-Site-e-Portal-860X645-JPG-2025-03-07T104949.687-768x576.jpg 768w\" sizes=\"(max-width: 860px) 100vw, 860px\" \/><\/figure>\n\n\n\n<p>Iniciaram nesta semana, pela empresa terceirizada contratada pela Prefeitura de Santa Rosa, os servi\u00e7os de manuten\u00e7\u00e3o nos cemit\u00e9rios municipais Jardim da Paz e Campo da Paz (Cruzeiro). Toda a parte operacional dos cemit\u00e9rios, incluindo o fornecimento de pessoal e equipamentos necess\u00e1rios para a execu\u00e7\u00e3o das atividades, ser\u00e1 de responsabilidade da terceirizada. Entre as tarefas previstas est\u00e3o a limpeza e conserva\u00e7\u00e3o das \u00e1reas internas e externas, vigil\u00e2ncia, organiza\u00e7\u00e3o dos dep\u00f3sitos de ferramentas e materiais, al\u00e9m da manuten\u00e7\u00e3o dos banheiros p\u00fablicos e de servi\u00e7o.<\/p>\n\n\n\n<p>O investimento \u00e9 superior a R$ 1 milh\u00e3o para o prazo de dura\u00e7\u00e3o de um ano. O contrato inclui o recolhimento de lixo, a limpeza de vasos de flores e floreiras, a higieniza\u00e7\u00e3o das caixas d\u2019\u00e1gua, varri\u00e7\u00e3o, corte de grama, ro\u00e7ada e acabamento nos t\u00famulos, bem como, a poda e remo\u00e7\u00e3o de \u00e1rvores. A constru\u00e7\u00e3o de carneiras, a manuten\u00e7\u00e3o das sepulturas e a realiza\u00e7\u00e3o de sepultamentos e exuma\u00e7\u00f5es tamb\u00e9m fazem parte das responsabilidades da empresa contratada. O vice-prefeito Aldemir Ulrich e o Secret\u00e1rio de Obras, Tenente-Coronel Valtair Dornelles, visitaram os dois locais e acompanharam de perto a execu\u00e7\u00e3o dos servi\u00e7os, \u201cEssa era uma importante demanda da popula\u00e7\u00e3o e, agora, os cemit\u00e9rios municipais, que precisam constantemente de manuten\u00e7\u00e3o, ser\u00e3o atendidos e ter\u00e3o suas a\u00e7\u00f5es fiscalizadas pelo munic\u00edpio&#8221;, destacou o vice-prefeito.<\/p>\n\n\n\n<p>Outro grande avan\u00e7o realizado recentemente, foi o processo de cadastramento dos t\u00famulos e sepulturas. Ao todo, foram identificadas no cadastramento: 9.175 sepulturas no cemit\u00e9rio Jardim da Paz e 3.673 no cemit\u00e9rio Campo da Paz, no bairro Cruzeiro.<\/p>\n","protected":false},"excerpt":{"rendered":"<p>Iniciaram nesta semana, pela empresa terceirizada contratada pela Prefeitura de Santa Rosa, os servi\u00e7os de manuten\u00e7\u00e3o nos cemit\u00e9rios municipais Jardim<\/p>\n","protected":false},"author":6,"featured_media":13104,"comment_status":"closed","ping_status":"open","sticky":false,"template":"","format":"standard","meta":{"footnotes":""},"categories":[4,21],"tags":[],"class_list":["post-13102","post","type-post","status-publish","format-standard","has-post-thumbnail","hentry","category-noticias","category-secretaria-municipal-de-obras"],"aioseo_notices":[],"_links":{"self":[{"href":"https:\/\/prefeitura.santarosa.rs.gov.br\/index.php?rest_route=\/wp\/v2\/posts\/13102","targetHints":{"allow":["GET"]}}],"collection":[{"href":"https:\/\/prefeitura.santarosa.rs.gov.br\/index.php?rest_route=\/wp\/v2\/posts"}],"about":[{"href":"https:\/\/prefeitura.santarosa.rs.gov.br\/index.php?rest_route=\/wp\/v2\/types\/post"}],"author":[{"embeddable":true,"href":"https:\/\/prefeitura.santarosa.rs.gov.br\/index.php?rest_route=\/wp\/v2\/users\/6"}],"replies":[{"embeddable":true,"href":"https:\/\/prefeitura.santarosa.rs.gov.br\/index.php?rest_route=%2Fwp%2Fv2%2Fcomments&post=13102"}],"version-history":[{"count":1,"href":"https:\/\/prefeitura.santarosa.rs.gov.br\/index.php?rest_route=\/wp\/v2\/posts\/13102\/revisions"}],"predecessor-version":[{"id":13105,"href":"https:\/\/prefeitura.santarosa.rs.gov.br\/index.php?rest_route=\/wp\/v2\/posts\/13102\/revisions\/13105"}],"wp:featuredmedia":[{"embeddable":true,"href":"https:\/\/prefeitura.santarosa.rs.gov.br\/index.php?rest_route=\/wp\/v2\/media\/13104"}],"wp:attachment":[{"href":"https:\/\/prefeitura.santarosa.rs.gov.br\/index.php?rest_route=%2Fwp%2Fv2%2Fmedia&parent=13102"}],"wp:term":[{"taxonomy":"category","embeddable":true,"href":"https:\/\/prefeitura.santarosa.rs.gov.br\/index.php?rest_route=%2Fwp%2Fv2%2Fcategories&post=13102"},{"taxonomy":"post_tag","embeddable":true,"href":"https:\/\/prefeitura.santarosa.rs.gov.br\/index.php?rest_route=%2Fwp%2Fv2%2Ftags&post=13102"}],"curies":[{"name":"wp","href":"https:\/\/api.w.org\/{rel}","templated":true}]}}