{"id":13098,"date":"2025-03-06T13:55:57","date_gmt":"2025-03-06T16:55:57","guid":{"rendered":"https:\/\/prefeitura.santarosa.rs.gov.br\/?p=13098"},"modified":"2025-03-06T13:55:58","modified_gmt":"2025-03-06T16:55:58","slug":"prefeitura-renova-convenio-com-a-orquestra-jovem-santa-rosa","status":"publish","type":"post","link":"https:\/\/prefeitura.santarosa.rs.gov.br\/?p=13098","title":{"rendered":"Prefeitura renova conv\u00eanio com a Orquestra Jovem Santa Rosa"},"content":{"rendered":"\n<figure class=\"wp-block-image size-full\"><img fetchpriority=\"high\" decoding=\"async\" width=\"860\" height=\"645\" src=\"https:\/\/prefeitura.santarosa.rs.gov.br\/wp-content\/uploads\/2025\/03\/Formato-Site-e-Portal-860X645-JPG-2025-03-06T135501.188.jpg\" alt=\"\" class=\"wp-image-13099\" srcset=\"https:\/\/prefeitura.santarosa.rs.gov.br\/wp-content\/uploads\/2025\/03\/Formato-Site-e-Portal-860X645-JPG-2025-03-06T135501.188.jpg 860w, https:\/\/prefeitura.santarosa.rs.gov.br\/wp-content\/uploads\/2025\/03\/Formato-Site-e-Portal-860X645-JPG-2025-03-06T135501.188-300x225.jpg 300w, https:\/\/prefeitura.santarosa.rs.gov.br\/wp-content\/uploads\/2025\/03\/Formato-Site-e-Portal-860X645-JPG-2025-03-06T135501.188-768x576.jpg 768w\" sizes=\"(max-width: 860px) 100vw, 860px\" \/><\/figure>\n\n\n\n<p>Nesta semana, o Prefeito Anderson Mantei recebeu no gabinete integrantes da Orquestra Jovem Santa Rosa. Na oportunidade, foi assinado um termo aditivo para renovar o conv\u00eanio do munic\u00edpio com a institui\u00e7\u00e3o. A prefeitura \u00e9 parceira do projeto Orquestra Jovem realizado nas escolas da Rede Municipal de Ensino, que disponibiliza para os alunos, a musicaliza\u00e7\u00e3o pela flauta doce, canto e coral.<\/p>\n\n\n\n<p>Atualmente, cerca de 300 alunos s\u00e3o atendidos no projeto, tendo acesso a aulas que promovem a educa\u00e7\u00e3o musical de forma gratuita. O Maestro Alessandro Munawek, respons\u00e1vel pela orquestra, fez um agradecimento especial \u00e0 Administra\u00e7\u00e3o Municipal pelo apoio nos \u00faltimos quatro anos, destacando a relev\u00e2ncia dessa parceria, \u201cEste apoio tem sido fundamental para a continuidade do nosso projeto. Gra\u00e7as \u00e0 parceria com a prefeitura, conseguimos oferecer aos alunos e para a comunidade uma oportunidade \u00fanica de desenvolvimento musical e pessoal\u201d.<\/p>\n\n\n\n<p>Al\u00e9m do trabalho desenvolvido nas escolas, a Orquestra Jovem tamb\u00e9m oferece aulas de instrumentos de orquestra sinf\u00f4nica para toda a comunidade de Santa Rosa. O Prefeito Anderson Mantei destacou a import\u00e2ncia dessa parceria para o munic\u00edpio, refor\u00e7ando o compromisso da gest\u00e3o com a educa\u00e7\u00e3o e a cultura, \u201cA renova\u00e7\u00e3o deste conv\u00eanio com a Orquestra Jovem \u00e9 mais um passo para fortalecer as a\u00e7\u00f5es culturais em Santa Rosa. A educa\u00e7\u00e3o musical \u00e9 uma ferramenta poderosa para o desenvolvimento pessoal e social dos nossos jovens. Sabemos a import\u00e2ncia de apoiar projetos como este, que transformam a vida das pessoas e contribuem para a forma\u00e7\u00e3o dos cidad\u00e3os\u201d.<\/p>\n\n\n\n<p>A Orquestra Jovem \u00e9 uma iniciativa com foco em proporcionar educa\u00e7\u00e3o musical e cultura gratuita para todas as faixas et\u00e1rias. Dessa forma, a proposta oferece tanto a oportunidade de aprendizado musical, como tamb\u00e9m busca promover a inclus\u00e3o destes jovens, permitindo o desenvolvimento de talentos e habilidades como, a disciplina, o trabalho em equipe e a autoestima.<\/p>\n","protected":false},"excerpt":{"rendered":"<p>Nesta semana, o Prefeito Anderson Mantei recebeu no gabinete integrantes da Orquestra Jovem Santa Rosa. Na oportunidade, foi assinado um<\/p>\n","protected":false},"author":6,"featured_media":13100,"comment_status":"closed","ping_status":"closed","sticky":false,"template":"","format":"standard","meta":{"footnotes":""},"categories":[4,3,9],"tags":[],"class_list":["post-13098","post","type-post","status-publish","format-standard","has-post-thumbnail","hentry","category-noticias","category-gabinete-do-prefeito","category-gabinete-do-vice-prefeito"],"aioseo_notices":[],"_links":{"self":[{"href":"https:\/\/prefeitura.santarosa.rs.gov.br\/index.php?rest_route=\/wp\/v2\/posts\/13098","targetHints":{"allow":["GET"]}}],"collection":[{"href":"https:\/\/prefeitura.santarosa.rs.gov.br\/index.php?rest_route=\/wp\/v2\/posts"}],"about":[{"href":"https:\/\/prefeitura.santarosa.rs.gov.br\/index.php?rest_route=\/wp\/v2\/types\/post"}],"author":[{"embeddable":true,"href":"https:\/\/prefeitura.santarosa.rs.gov.br\/index.php?rest_route=\/wp\/v2\/users\/6"}],"replies":[{"embeddable":true,"href":"https:\/\/prefeitura.santarosa.rs.gov.br\/index.php?rest_route=%2Fwp%2Fv2%2Fcomments&post=13098"}],"version-history":[{"count":1,"href":"https:\/\/prefeitura.santarosa.rs.gov.br\/index.php?rest_route=\/wp\/v2\/posts\/13098\/revisions"}],"predecessor-version":[{"id":13101,"href":"https:\/\/prefeitura.santarosa.rs.gov.br\/index.php?rest_route=\/wp\/v2\/posts\/13098\/revisions\/13101"}],"wp:featuredmedia":[{"embeddable":true,"href":"https:\/\/prefeitura.santarosa.rs.gov.br\/index.php?rest_route=\/wp\/v2\/media\/13100"}],"wp:attachment":[{"href":"https:\/\/prefeitura.santarosa.rs.gov.br\/index.php?rest_route=%2Fwp%2Fv2%2Fmedia&parent=13098"}],"wp:term":[{"taxonomy":"category","embeddable":true,"href":"https:\/\/prefeitura.santarosa.rs.gov.br\/index.php?rest_route=%2Fwp%2Fv2%2Fcategories&post=13098"},{"taxonomy":"post_tag","embeddable":true,"href":"https:\/\/prefeitura.santarosa.rs.gov.br\/index.php?rest_route=%2Fwp%2Fv2%2Ftags&post=13098"}],"curies":[{"name":"wp","href":"https:\/\/api.w.org\/{rel}","templated":true}]}}