{"id":13094,"date":"2025-03-06T11:22:19","date_gmt":"2025-03-06T14:22:19","guid":{"rendered":"https:\/\/prefeitura.santarosa.rs.gov.br\/?p=13094"},"modified":"2025-03-06T11:22:20","modified_gmt":"2025-03-06T14:22:20","slug":"vagas-disponiveis-para-a-oficina-cultural-pedagogica-de-musica","status":"publish","type":"post","link":"https:\/\/prefeitura.santarosa.rs.gov.br\/?p=13094","title":{"rendered":"Vagas dispon\u00edveis para a Oficina Cultural Pedag\u00f3gica de M\u00fasica"},"content":{"rendered":"\n<figure class=\"wp-block-image size-full\"><img fetchpriority=\"high\" decoding=\"async\" width=\"860\" height=\"645\" src=\"https:\/\/prefeitura.santarosa.rs.gov.br\/wp-content\/uploads\/2025\/03\/Formato-Site-e-Portal-860X645-JPG-2025-03-06T112128.768.jpg\" alt=\"\" class=\"wp-image-13095\" srcset=\"https:\/\/prefeitura.santarosa.rs.gov.br\/wp-content\/uploads\/2025\/03\/Formato-Site-e-Portal-860X645-JPG-2025-03-06T112128.768.jpg 860w, https:\/\/prefeitura.santarosa.rs.gov.br\/wp-content\/uploads\/2025\/03\/Formato-Site-e-Portal-860X645-JPG-2025-03-06T112128.768-300x225.jpg 300w, https:\/\/prefeitura.santarosa.rs.gov.br\/wp-content\/uploads\/2025\/03\/Formato-Site-e-Portal-860X645-JPG-2025-03-06T112128.768-768x576.jpg 768w\" sizes=\"(max-width: 860px) 100vw, 860px\" \/><\/figure>\n\n\n\n<p>A Prefeitura de Santa Rosa, por meio do Departamento de Cultura, informa a popula\u00e7\u00e3o que est\u00e3o reabertas as inscri\u00e7\u00f5es para a Oficina Cultural Pedag\u00f3gica de M\u00fasica. O curso \u00e9 disponibilizado para os estudantes da Rede P\u00fablica de Ensino, que tenham entre 08 e 14 anos de idade, nas seguintes modalidades: Viol\u00e3o, Teclado e Canto. As inscri\u00e7\u00f5es, conforme disponibilidade de vagas, devem ser realizadas pelos pais ou respons\u00e1veis, no Departamento de Cultura de Santa Rosa.<\/p>\n\n\n\n<p>Os alunos j\u00e1 inscritos no ano de 2024 ter\u00e3o prefer\u00eancia pela vaga e dever\u00e3o fazer a rematr\u00edcula. As demais vagas poder\u00e3o ser preenchidas por ordem de inscri\u00e7\u00e3o. As aulas iniciam a partir do dia 10 de mar\u00e7o e v\u00e3o ser ministradas na Escola de M\u00fasica Recital. Mais informa\u00e7\u00f5es, com a equipe do Departamento de Cultura atrav\u00e9s do telefone: (55) 3511-5112 ou presencialmente no Centro Cultural Prof. Fioravante Pedrazani, no Centro, em frente \u00e0 Pra\u00e7a da Bandeira.<\/p>\n\n\n\n<p>Documenta\u00e7\u00e3o necess\u00e1ria para inscri\u00e7\u00e3o:<br>\u2013 Ficha de inscri\u00e7\u00e3o preenchida e assinada pelos pais ou respons\u00e1veis<br>\u2013 Atestado de matr\u00edcula escolar<br>\u2013 C\u00f3pia da identidade ou da certid\u00e3o de nascimento do aluno<br>\u2013 C\u00f3pia da identidade dos pais ou respons\u00e1veis<\/p>\n\n\n\n<p>Confira abaixo, algumas instru\u00e7\u00f5es para os alunos interessados:<br>\u2013 Cada aluno poder\u00e1 se inscrever em apenas uma das modalidades ofertadas<br>\u2013 As aulas ter\u00e3o a dura\u00e7\u00e3o de 50 min, sendo uma vez na semana<br>\u2013 O aluno que tiver interesse na modalidade de viol\u00e3o ou teclado, dever\u00e1 ter seu pr\u00f3prio instrumento<\/p>\n","protected":false},"excerpt":{"rendered":"<p>A Prefeitura de Santa Rosa, por meio do Departamento de Cultura, informa a popula\u00e7\u00e3o que est\u00e3o reabertas as inscri\u00e7\u00f5es para<\/p>\n","protected":false},"author":6,"featured_media":13096,"comment_status":"closed","ping_status":"closed","sticky":false,"template":"","format":"standard","meta":{"footnotes":""},"categories":[4,18],"tags":[],"class_list":["post-13094","post","type-post","status-publish","format-standard","has-post-thumbnail","hentry","category-noticias","category-secretaria-municipal-de-educacao-e-cultura"],"aioseo_notices":[],"_links":{"self":[{"href":"https:\/\/prefeitura.santarosa.rs.gov.br\/index.php?rest_route=\/wp\/v2\/posts\/13094","targetHints":{"allow":["GET"]}}],"collection":[{"href":"https:\/\/prefeitura.santarosa.rs.gov.br\/index.php?rest_route=\/wp\/v2\/posts"}],"about":[{"href":"https:\/\/prefeitura.santarosa.rs.gov.br\/index.php?rest_route=\/wp\/v2\/types\/post"}],"author":[{"embeddable":true,"href":"https:\/\/prefeitura.santarosa.rs.gov.br\/index.php?rest_route=\/wp\/v2\/users\/6"}],"replies":[{"embeddable":true,"href":"https:\/\/prefeitura.santarosa.rs.gov.br\/index.php?rest_route=%2Fwp%2Fv2%2Fcomments&post=13094"}],"version-history":[{"count":1,"href":"https:\/\/prefeitura.santarosa.rs.gov.br\/index.php?rest_route=\/wp\/v2\/posts\/13094\/revisions"}],"predecessor-version":[{"id":13097,"href":"https:\/\/prefeitura.santarosa.rs.gov.br\/index.php?rest_route=\/wp\/v2\/posts\/13094\/revisions\/13097"}],"wp:featuredmedia":[{"embeddable":true,"href":"https:\/\/prefeitura.santarosa.rs.gov.br\/index.php?rest_route=\/wp\/v2\/media\/13096"}],"wp:attachment":[{"href":"https:\/\/prefeitura.santarosa.rs.gov.br\/index.php?rest_route=%2Fwp%2Fv2%2Fmedia&parent=13094"}],"wp:term":[{"taxonomy":"category","embeddable":true,"href":"https:\/\/prefeitura.santarosa.rs.gov.br\/index.php?rest_route=%2Fwp%2Fv2%2Fcategories&post=13094"},{"taxonomy":"post_tag","embeddable":true,"href":"https:\/\/prefeitura.santarosa.rs.gov.br\/index.php?rest_route=%2Fwp%2Fv2%2Ftags&post=13094"}],"curies":[{"name":"wp","href":"https:\/\/api.w.org\/{rel}","templated":true}]}}