{"id":13082,"date":"2025-03-05T14:01:15","date_gmt":"2025-03-05T17:01:15","guid":{"rendered":"https:\/\/prefeitura.santarosa.rs.gov.br\/?p=13082"},"modified":"2025-03-05T14:01:15","modified_gmt":"2025-03-05T17:01:15","slug":"ampliacao-da-ciclovia-do-tape-pora-esta-sendo-finalizada","status":"publish","type":"post","link":"https:\/\/prefeitura.santarosa.rs.gov.br\/?p=13082","title":{"rendered":"Amplia\u00e7\u00e3o da Ciclovia do Tape Por\u00e3 est\u00e1 sendo finalizada"},"content":{"rendered":"\n<figure class=\"wp-block-image size-full\"><img fetchpriority=\"high\" decoding=\"async\" width=\"860\" height=\"645\" src=\"https:\/\/prefeitura.santarosa.rs.gov.br\/wp-content\/uploads\/2025\/03\/Formato-Site-e-Portal-860X645-JPG-2025-03-05T135954.286.jpg\" alt=\"\" class=\"wp-image-13083\" srcset=\"https:\/\/prefeitura.santarosa.rs.gov.br\/wp-content\/uploads\/2025\/03\/Formato-Site-e-Portal-860X645-JPG-2025-03-05T135954.286.jpg 860w, https:\/\/prefeitura.santarosa.rs.gov.br\/wp-content\/uploads\/2025\/03\/Formato-Site-e-Portal-860X645-JPG-2025-03-05T135954.286-300x225.jpg 300w, https:\/\/prefeitura.santarosa.rs.gov.br\/wp-content\/uploads\/2025\/03\/Formato-Site-e-Portal-860X645-JPG-2025-03-05T135954.286-768x576.jpg 768w\" sizes=\"(max-width: 860px) 100vw, 860px\" \/><\/figure>\n\n\n\n<p>A constru\u00e7\u00e3o da ciclovia no Tape Por\u00e3 segue em execu\u00e7\u00e3o. Nesta semana, as equipes continuam trabalhando para dar continuidade ao projeto e ampliar a obra at\u00e9 o quartel (19\u00ba RC Mec). A fase atual, que conta com um investimento de mais de R$ 570 mil de recursos pr\u00f3prios, contempla 1 km de extens\u00e3o.<\/p>\n\n\n\n<p>O projeto tem como objetivo proporcionar mais seguran\u00e7a para os ciclistas, que n\u00e3o precisar\u00e3o mais dividir a pista com os ve\u00edculos. O local tamb\u00e9m ser\u00e1 liberado para pedestres. A obra em frente ao quartel, iniciada recentemente, tem uma extens\u00e3o de 280 metros. O Prefeito Anderson Mantei destacou os benef\u00edcios do projeto, &#8220;Essa amplia\u00e7\u00e3o melhora a seguran\u00e7a no tr\u00e2nsito e tamb\u00e9m contribui para a qualidade de vida da nossa comunidade, incentivando o uso da bicicleta e promovendo um ambiente mais seguro para todos&#8221;.<\/p>\n\n\n\n<p>Atualmente, a obra est\u00e1 85% conclu\u00edda, com equipes focadas nos ajustes finais, como encaixes e acabamentos no piso e pintura. A previs\u00e3o de conclus\u00e3o \u00e9 para abril deste ano.<\/p>\n\n\n\n<p><\/p>\n","protected":false},"excerpt":{"rendered":"<p>A constru\u00e7\u00e3o da ciclovia no Tape Por\u00e3 segue em execu\u00e7\u00e3o. Nesta semana, as equipes continuam trabalhando para dar continuidade ao<\/p>\n","protected":false},"author":6,"featured_media":13084,"comment_status":"closed","ping_status":"open","sticky":false,"template":"","format":"standard","meta":{"footnotes":""},"categories":[4,22],"tags":[],"class_list":["post-13082","post","type-post","status-publish","format-standard","has-post-thumbnail","hentry","category-noticias","category-secretaria-municipal-de-planejamento-e-habitacao"],"aioseo_notices":[],"_links":{"self":[{"href":"https:\/\/prefeitura.santarosa.rs.gov.br\/index.php?rest_route=\/wp\/v2\/posts\/13082","targetHints":{"allow":["GET"]}}],"collection":[{"href":"https:\/\/prefeitura.santarosa.rs.gov.br\/index.php?rest_route=\/wp\/v2\/posts"}],"about":[{"href":"https:\/\/prefeitura.santarosa.rs.gov.br\/index.php?rest_route=\/wp\/v2\/types\/post"}],"author":[{"embeddable":true,"href":"https:\/\/prefeitura.santarosa.rs.gov.br\/index.php?rest_route=\/wp\/v2\/users\/6"}],"replies":[{"embeddable":true,"href":"https:\/\/prefeitura.santarosa.rs.gov.br\/index.php?rest_route=%2Fwp%2Fv2%2Fcomments&post=13082"}],"version-history":[{"count":1,"href":"https:\/\/prefeitura.santarosa.rs.gov.br\/index.php?rest_route=\/wp\/v2\/posts\/13082\/revisions"}],"predecessor-version":[{"id":13085,"href":"https:\/\/prefeitura.santarosa.rs.gov.br\/index.php?rest_route=\/wp\/v2\/posts\/13082\/revisions\/13085"}],"wp:featuredmedia":[{"embeddable":true,"href":"https:\/\/prefeitura.santarosa.rs.gov.br\/index.php?rest_route=\/wp\/v2\/media\/13084"}],"wp:attachment":[{"href":"https:\/\/prefeitura.santarosa.rs.gov.br\/index.php?rest_route=%2Fwp%2Fv2%2Fmedia&parent=13082"}],"wp:term":[{"taxonomy":"category","embeddable":true,"href":"https:\/\/prefeitura.santarosa.rs.gov.br\/index.php?rest_route=%2Fwp%2Fv2%2Fcategories&post=13082"},{"taxonomy":"post_tag","embeddable":true,"href":"https:\/\/prefeitura.santarosa.rs.gov.br\/index.php?rest_route=%2Fwp%2Fv2%2Ftags&post=13082"}],"curies":[{"name":"wp","href":"https:\/\/api.w.org\/{rel}","templated":true}]}}