{"id":13073,"date":"2025-03-05T10:47:36","date_gmt":"2025-03-05T13:47:36","guid":{"rendered":"https:\/\/prefeitura.santarosa.rs.gov.br\/?p=13073"},"modified":"2025-03-05T10:47:36","modified_gmt":"2025-03-05T13:47:36","slug":"arboriza-santa-rosa-programa-de-arborizacao-inicia-no-municipio","status":"publish","type":"post","link":"https:\/\/prefeitura.santarosa.rs.gov.br\/?p=13073","title":{"rendered":"Arboriza Santa Rosa: programa de arboriza\u00e7\u00e3o inicia no munic\u00edpio"},"content":{"rendered":"\n<figure class=\"wp-block-image size-full\"><img fetchpriority=\"high\" decoding=\"async\" width=\"860\" height=\"645\" src=\"https:\/\/prefeitura.santarosa.rs.gov.br\/wp-content\/uploads\/2025\/03\/Formato-Site-e-Portal-860X645-JPG-2025-03-05T104625.445.jpg\" alt=\"\" class=\"wp-image-13074\" srcset=\"https:\/\/prefeitura.santarosa.rs.gov.br\/wp-content\/uploads\/2025\/03\/Formato-Site-e-Portal-860X645-JPG-2025-03-05T104625.445.jpg 860w, https:\/\/prefeitura.santarosa.rs.gov.br\/wp-content\/uploads\/2025\/03\/Formato-Site-e-Portal-860X645-JPG-2025-03-05T104625.445-300x225.jpg 300w, https:\/\/prefeitura.santarosa.rs.gov.br\/wp-content\/uploads\/2025\/03\/Formato-Site-e-Portal-860X645-JPG-2025-03-05T104625.445-768x576.jpg 768w\" sizes=\"(max-width: 860px) 100vw, 860px\" \/><\/figure>\n\n\n\n<p>Foi lan\u00e7ada nesta semana, a primeira etapa do programa &#8220;Arboriza Santa Rosa&#8221;, uma iniciativa da Prefeitura por meio da Secretaria de Meio Ambiente. A a\u00e7\u00e3o tem como foco plantar mais \u00e1rvores nas \u00e1reas urbanas e rurais, contribuindo na preserva\u00e7\u00e3o do meio ambiente e auxiliando no enfrentamento das mudan\u00e7as clim\u00e1ticas. Nesta primeira fase, ser\u00e3o destinadas mil mudas de esp\u00e9cies variadas, predominantemente nativas da regi\u00e3o, para os cidad\u00e3os realizarem o plantio em suas resid\u00eancias.<\/p>\n\n\n\n<p>O projeto visa melhorar a qualidade do ar, reduzir a polui\u00e7\u00e3o, aumentar a biodiversidade e contribuir para a filtragem da \u00e1gua da chuva, evitando a eros\u00e3o e o assoreamento de rios e nascentes. O Secret\u00e1rio de Meio Ambiente, Gustavo Foliatti, destaca que o programa \u00e9 um passo fundamental para tornar Santa Rosa uma cidade mais verde e sustent\u00e1vel, \u201cCada \u00e1rvore plantada contribui diretamente para a melhoria da nossa qualidade de vida, pois al\u00e9m de embelezar a cidade, estamos tamb\u00e9m criando um ambiente mais saud\u00e1vel e equilibrado para todos&#8221;.<\/p>\n\n\n\n<p>Para participar, os interessados devem acessar o site da Prefeitura (https:\/\/prefeitura.santarosa.rs.gov.br\/) e, na se\u00e7\u00e3o &#8220;Portal do Cidad\u00e3o&#8221;, procurar pelo servi\u00e7o &#8220;Arboriza Santa Rosa&#8221;. Ao preencher os dados necess\u00e1rios, a Secretaria de Meio Ambiente far\u00e1 a an\u00e1lise do pedido e, em seguida, o requerente ser\u00e1 informado sobre a data de retirada das mudas por e-mail. As retiradas das mudas acontecem nas segundas e quartas-feiras, e os cidad\u00e3os recebem orienta\u00e7\u00f5es sobre o plantio e cuidados necess\u00e1rios. Cada contribuinte pode retirar at\u00e9 cinco mudas para \u00e1reas urbanas e at\u00e9 dez mudas para a \u00e1rea rural.<\/p>\n","protected":false},"excerpt":{"rendered":"<p>Foi lan\u00e7ada nesta semana, a primeira etapa do programa &#8220;Arboriza Santa Rosa&#8221;, uma iniciativa da Prefeitura por meio da Secretaria<\/p>\n","protected":false},"author":6,"featured_media":13075,"comment_status":"closed","ping_status":"closed","sticky":false,"template":"","format":"standard","meta":{"footnotes":""},"categories":[4,20],"tags":[],"class_list":["post-13073","post","type-post","status-publish","format-standard","has-post-thumbnail","hentry","category-noticias","category-secretaria-municipal-de-meio-ambiente"],"aioseo_notices":[],"_links":{"self":[{"href":"https:\/\/prefeitura.santarosa.rs.gov.br\/index.php?rest_route=\/wp\/v2\/posts\/13073","targetHints":{"allow":["GET"]}}],"collection":[{"href":"https:\/\/prefeitura.santarosa.rs.gov.br\/index.php?rest_route=\/wp\/v2\/posts"}],"about":[{"href":"https:\/\/prefeitura.santarosa.rs.gov.br\/index.php?rest_route=\/wp\/v2\/types\/post"}],"author":[{"embeddable":true,"href":"https:\/\/prefeitura.santarosa.rs.gov.br\/index.php?rest_route=\/wp\/v2\/users\/6"}],"replies":[{"embeddable":true,"href":"https:\/\/prefeitura.santarosa.rs.gov.br\/index.php?rest_route=%2Fwp%2Fv2%2Fcomments&post=13073"}],"version-history":[{"count":1,"href":"https:\/\/prefeitura.santarosa.rs.gov.br\/index.php?rest_route=\/wp\/v2\/posts\/13073\/revisions"}],"predecessor-version":[{"id":13076,"href":"https:\/\/prefeitura.santarosa.rs.gov.br\/index.php?rest_route=\/wp\/v2\/posts\/13073\/revisions\/13076"}],"wp:featuredmedia":[{"embeddable":true,"href":"https:\/\/prefeitura.santarosa.rs.gov.br\/index.php?rest_route=\/wp\/v2\/media\/13075"}],"wp:attachment":[{"href":"https:\/\/prefeitura.santarosa.rs.gov.br\/index.php?rest_route=%2Fwp%2Fv2%2Fmedia&parent=13073"}],"wp:term":[{"taxonomy":"category","embeddable":true,"href":"https:\/\/prefeitura.santarosa.rs.gov.br\/index.php?rest_route=%2Fwp%2Fv2%2Fcategories&post=13073"},{"taxonomy":"post_tag","embeddable":true,"href":"https:\/\/prefeitura.santarosa.rs.gov.br\/index.php?rest_route=%2Fwp%2Fv2%2Ftags&post=13073"}],"curies":[{"name":"wp","href":"https:\/\/api.w.org\/{rel}","templated":true}]}}