{"id":13068,"date":"2025-03-04T16:58:47","date_gmt":"2025-03-04T19:58:47","guid":{"rendered":"https:\/\/prefeitura.santarosa.rs.gov.br\/?p=13068"},"modified":"2025-03-04T16:58:48","modified_gmt":"2025-03-04T19:58:48","slug":"secretaria-de-educacao-josyane-heck-acompanha-reunioes-pedagogicas-da-rede-municipal-de-ensino","status":"publish","type":"post","link":"https:\/\/prefeitura.santarosa.rs.gov.br\/?p=13068","title":{"rendered":"Secret\u00e1ria de Educa\u00e7\u00e3o Josyane Heck acompanha reuni\u00f5es pedag\u00f3gicas da Rede Municipal de Ensino"},"content":{"rendered":"\n<figure class=\"wp-block-image size-full\"><img fetchpriority=\"high\" decoding=\"async\" width=\"860\" height=\"645\" src=\"https:\/\/prefeitura.santarosa.rs.gov.br\/wp-content\/uploads\/2025\/03\/Formato-Site-e-Portal-860X645-JPG-2025-03-04T165739.089.jpg\" alt=\"\" class=\"wp-image-13069\" srcset=\"https:\/\/prefeitura.santarosa.rs.gov.br\/wp-content\/uploads\/2025\/03\/Formato-Site-e-Portal-860X645-JPG-2025-03-04T165739.089.jpg 860w, https:\/\/prefeitura.santarosa.rs.gov.br\/wp-content\/uploads\/2025\/03\/Formato-Site-e-Portal-860X645-JPG-2025-03-04T165739.089-300x225.jpg 300w, https:\/\/prefeitura.santarosa.rs.gov.br\/wp-content\/uploads\/2025\/03\/Formato-Site-e-Portal-860X645-JPG-2025-03-04T165739.089-768x576.jpg 768w\" sizes=\"(max-width: 860px) 100vw, 860px\" \/><\/figure>\n\n\n\n<p>Ao longo do ano letivo de 2025, a Secret\u00e1ria de Educa\u00e7\u00e3o de Santa Rosa, Josyane Heck, vai acompanhar as reuni\u00f5es pedag\u00f3gicas das escolas da Rede Municipal de Ensino (21 EMEIs e 13 EMEFs). A primeira reuni\u00e3o do calend\u00e1rio escolar deste ano, aconteceu nesta segunda-feira (03), com a participa\u00e7\u00e3o das equipes de profissionais das institui\u00e7\u00f5es de ensino. O objetivo principal desta a\u00e7\u00e3o \u00e9 acolher as demandas, atrav\u00e9s de supervis\u00e3o e apoio, al\u00e9m de oferecer o suporte necess\u00e1rio \u00e0s escolas, para auxiliar na identifica\u00e7\u00e3o de dificuldades e promover solu\u00e7\u00f5es eficazes.<\/p>\n\n\n\n<p>Com o foco principal na aprendizagem, a Secret\u00e1ria Josyane dialogou com algumas equipes e promoveu uma reflex\u00e3o sobre o planejamento das a\u00e7\u00f5es a serem desenvolvidas ao longo do ano, &#8220;As reuni\u00f5es pedag\u00f3gicas escolares desempenham um papel fundamental na melhoria da qualidade do ensino e na gest\u00e3o da aprendizagem. Elas permitem que educadores discutam o planejamento das atividades, estrat\u00e9gias de ensino e a avalia\u00e7\u00e3o do desempenho dos alunos, garantindo que todos estejam alinhados com os objetivos educacionais&#8221;, destacou Heck.<\/p>\n\n\n\n<p>Ao criar um espa\u00e7o para a reflex\u00e3o e a constru\u00e7\u00e3o conjunta, as reuni\u00f5es ajudam a promover um ambiente escolar mais positivo e acolhedor. Al\u00e9m disso, o acompanhamento pela Secretaria de Educa\u00e7\u00e3o \u00e9 essencial para garantir que as pol\u00edticas educacionais sejam eficazes e que as escolas recebam o suporte necess\u00e1rio para melhorar o ensino e a aprendizagem.<\/p>\n","protected":false},"excerpt":{"rendered":"<p>Ao longo do ano letivo de 2025, a Secret\u00e1ria de Educa\u00e7\u00e3o de Santa Rosa, Josyane Heck, vai acompanhar as reuni\u00f5es<\/p>\n","protected":false},"author":6,"featured_media":13070,"comment_status":"closed","ping_status":"open","sticky":false,"template":"","format":"standard","meta":{"footnotes":""},"categories":[4,18],"tags":[],"class_list":["post-13068","post","type-post","status-publish","format-standard","has-post-thumbnail","hentry","category-noticias","category-secretaria-municipal-de-educacao-e-cultura"],"aioseo_notices":[],"_links":{"self":[{"href":"https:\/\/prefeitura.santarosa.rs.gov.br\/index.php?rest_route=\/wp\/v2\/posts\/13068","targetHints":{"allow":["GET"]}}],"collection":[{"href":"https:\/\/prefeitura.santarosa.rs.gov.br\/index.php?rest_route=\/wp\/v2\/posts"}],"about":[{"href":"https:\/\/prefeitura.santarosa.rs.gov.br\/index.php?rest_route=\/wp\/v2\/types\/post"}],"author":[{"embeddable":true,"href":"https:\/\/prefeitura.santarosa.rs.gov.br\/index.php?rest_route=\/wp\/v2\/users\/6"}],"replies":[{"embeddable":true,"href":"https:\/\/prefeitura.santarosa.rs.gov.br\/index.php?rest_route=%2Fwp%2Fv2%2Fcomments&post=13068"}],"version-history":[{"count":1,"href":"https:\/\/prefeitura.santarosa.rs.gov.br\/index.php?rest_route=\/wp\/v2\/posts\/13068\/revisions"}],"predecessor-version":[{"id":13071,"href":"https:\/\/prefeitura.santarosa.rs.gov.br\/index.php?rest_route=\/wp\/v2\/posts\/13068\/revisions\/13071"}],"wp:featuredmedia":[{"embeddable":true,"href":"https:\/\/prefeitura.santarosa.rs.gov.br\/index.php?rest_route=\/wp\/v2\/media\/13070"}],"wp:attachment":[{"href":"https:\/\/prefeitura.santarosa.rs.gov.br\/index.php?rest_route=%2Fwp%2Fv2%2Fmedia&parent=13068"}],"wp:term":[{"taxonomy":"category","embeddable":true,"href":"https:\/\/prefeitura.santarosa.rs.gov.br\/index.php?rest_route=%2Fwp%2Fv2%2Fcategories&post=13068"},{"taxonomy":"post_tag","embeddable":true,"href":"https:\/\/prefeitura.santarosa.rs.gov.br\/index.php?rest_route=%2Fwp%2Fv2%2Ftags&post=13068"}],"curies":[{"name":"wp","href":"https:\/\/api.w.org\/{rel}","templated":true}]}}