{"id":13060,"date":"2025-03-04T15:29:35","date_gmt":"2025-03-04T18:29:35","guid":{"rendered":"https:\/\/prefeitura.santarosa.rs.gov.br\/?p=13060"},"modified":"2025-03-04T15:29:36","modified_gmt":"2025-03-04T18:29:36","slug":"obra-de-revitalizacao-da-estacao-ferrea-esta-em-andamento","status":"publish","type":"post","link":"https:\/\/prefeitura.santarosa.rs.gov.br\/?p=13060","title":{"rendered":"Obra de revitaliza\u00e7\u00e3o da Esta\u00e7\u00e3o F\u00e9rrea est\u00e1 em andamento"},"content":{"rendered":"\n<figure class=\"wp-block-image size-full\"><img fetchpriority=\"high\" decoding=\"async\" width=\"860\" height=\"645\" src=\"https:\/\/prefeitura.santarosa.rs.gov.br\/wp-content\/uploads\/2025\/03\/Formato-Site-e-Portal-860X645-JPG-2025-03-04T151310.762.jpg\" alt=\"\" class=\"wp-image-13061\" srcset=\"https:\/\/prefeitura.santarosa.rs.gov.br\/wp-content\/uploads\/2025\/03\/Formato-Site-e-Portal-860X645-JPG-2025-03-04T151310.762.jpg 860w, https:\/\/prefeitura.santarosa.rs.gov.br\/wp-content\/uploads\/2025\/03\/Formato-Site-e-Portal-860X645-JPG-2025-03-04T151310.762-300x225.jpg 300w, https:\/\/prefeitura.santarosa.rs.gov.br\/wp-content\/uploads\/2025\/03\/Formato-Site-e-Portal-860X645-JPG-2025-03-04T151310.762-768x576.jpg 768w\" sizes=\"(max-width: 860px) 100vw, 860px\" \/><\/figure>\n\n\n\n<p>A obra de revitaliza\u00e7\u00e3o da antiga Esta\u00e7\u00e3o F\u00e9rrea de Santa Rosa est\u00e1 em execu\u00e7\u00e3o. O projeto continua com a proposta de preservar o estilo e o design original do pr\u00e9dio, enquanto s\u00e3o feitas as melhorias necess\u00e1rias para modernizar o espa\u00e7o. Recentemente, as equipes finalizaram a recupera\u00e7\u00e3o das estruturas e funda\u00e7\u00f5es e agora iniciam a montagem da nova cobertura e telhado, que ser\u00e1 constru\u00eddo com as mesmas caracter\u00edsticas do projeto original.<\/p>\n\n\n\n<p>A revitaliza\u00e7\u00e3o da esta\u00e7\u00e3o, al\u00e9m de manter o patrim\u00f4nio hist\u00f3rico, busca transformar a \u00e1rea em um local mais moderno e atrativo para a comunidade. Com um investimento de mais de R$ 1,2 milh\u00e3o, de recursos pr\u00f3prios do munic\u00edpio, o projeto prev\u00ea a cria\u00e7\u00e3o de novas \u00e1reas, como uma passarela, um deck de madeira resistente \u00e0s condi\u00e7\u00f5es clim\u00e1ticas e um espa\u00e7o kids, com piso emborrachado e equipamentos infantis. O vice-prefeito Aldemir Ulrich destacou que a obra vai fazer parte de um conjunto de melhorias realizadas no cora\u00e7\u00e3o da cidade, \u201cA revitaliza\u00e7\u00e3o da antiga Esta\u00e7\u00e3o F\u00e9rrea \u00e9 um projeto que valoriza nossa hist\u00f3ria, ao mesmo tempo que proporciona um novo espa\u00e7o para lazer, cultura e conviv\u00eancia. Queremos entregar um local moderno, confort\u00e1vel e acess\u00edvel para todas as fam\u00edlias de Santa Rosa\u201d.<\/p>\n\n\n\n<p>Ap\u00f3s a conclus\u00e3o do projeto atual, ser\u00e1 realizada uma nova licita\u00e7\u00e3o para a concess\u00e3o do espa\u00e7o.<\/p>\n\n\n\n<p>Projeto: EVLO Arquitetura<\/p>\n","protected":false},"excerpt":{"rendered":"<p>A obra de revitaliza\u00e7\u00e3o da antiga Esta\u00e7\u00e3o F\u00e9rrea de Santa Rosa est\u00e1 em execu\u00e7\u00e3o. O projeto continua com a proposta<\/p>\n","protected":false},"author":6,"featured_media":13062,"comment_status":"closed","ping_status":"open","sticky":false,"template":"","format":"standard","meta":{"footnotes":""},"categories":[4,22],"tags":[],"class_list":["post-13060","post","type-post","status-publish","format-standard","has-post-thumbnail","hentry","category-noticias","category-secretaria-municipal-de-planejamento-e-habitacao"],"aioseo_notices":[],"_links":{"self":[{"href":"https:\/\/prefeitura.santarosa.rs.gov.br\/index.php?rest_route=\/wp\/v2\/posts\/13060","targetHints":{"allow":["GET"]}}],"collection":[{"href":"https:\/\/prefeitura.santarosa.rs.gov.br\/index.php?rest_route=\/wp\/v2\/posts"}],"about":[{"href":"https:\/\/prefeitura.santarosa.rs.gov.br\/index.php?rest_route=\/wp\/v2\/types\/post"}],"author":[{"embeddable":true,"href":"https:\/\/prefeitura.santarosa.rs.gov.br\/index.php?rest_route=\/wp\/v2\/users\/6"}],"replies":[{"embeddable":true,"href":"https:\/\/prefeitura.santarosa.rs.gov.br\/index.php?rest_route=%2Fwp%2Fv2%2Fcomments&post=13060"}],"version-history":[{"count":1,"href":"https:\/\/prefeitura.santarosa.rs.gov.br\/index.php?rest_route=\/wp\/v2\/posts\/13060\/revisions"}],"predecessor-version":[{"id":13064,"href":"https:\/\/prefeitura.santarosa.rs.gov.br\/index.php?rest_route=\/wp\/v2\/posts\/13060\/revisions\/13064"}],"wp:featuredmedia":[{"embeddable":true,"href":"https:\/\/prefeitura.santarosa.rs.gov.br\/index.php?rest_route=\/wp\/v2\/media\/13062"}],"wp:attachment":[{"href":"https:\/\/prefeitura.santarosa.rs.gov.br\/index.php?rest_route=%2Fwp%2Fv2%2Fmedia&parent=13060"}],"wp:term":[{"taxonomy":"category","embeddable":true,"href":"https:\/\/prefeitura.santarosa.rs.gov.br\/index.php?rest_route=%2Fwp%2Fv2%2Fcategories&post=13060"},{"taxonomy":"post_tag","embeddable":true,"href":"https:\/\/prefeitura.santarosa.rs.gov.br\/index.php?rest_route=%2Fwp%2Fv2%2Ftags&post=13060"}],"curies":[{"name":"wp","href":"https:\/\/api.w.org\/{rel}","templated":true}]}}