{"id":13051,"date":"2025-03-04T14:29:10","date_gmt":"2025-03-04T17:29:10","guid":{"rendered":"https:\/\/prefeitura.santarosa.rs.gov.br\/?p=13051"},"modified":"2025-03-18T13:49:37","modified_gmt":"2025-03-18T16:49:37","slug":"inscricoes-abertas-para-o-festival-santa-rosa-em-danca","status":"publish","type":"post","link":"https:\/\/prefeitura.santarosa.rs.gov.br\/?p=13051","title":{"rendered":"Inscri\u00e7\u00f5es abertas para o Festival Santa Rosa em Dan\u00e7a"},"content":{"rendered":"\n<div class=\"wp-block-group is-nowrap is-layout-flex wp-container-core-group-is-layout-6c531013 wp-block-group-is-layout-flex\">\n<figure class=\"wp-block-image size-full\"><img fetchpriority=\"high\" decoding=\"async\" width=\"860\" height=\"645\" src=\"https:\/\/prefeitura.santarosa.rs.gov.br\/wp-content\/uploads\/2025\/03\/Formato-Site-e-Portal-860X645-JPG-2025-03-12T080343.783.jpg\" alt=\"\" class=\"wp-image-13142\" srcset=\"https:\/\/prefeitura.santarosa.rs.gov.br\/wp-content\/uploads\/2025\/03\/Formato-Site-e-Portal-860X645-JPG-2025-03-12T080343.783.jpg 860w, https:\/\/prefeitura.santarosa.rs.gov.br\/wp-content\/uploads\/2025\/03\/Formato-Site-e-Portal-860X645-JPG-2025-03-12T080343.783-300x225.jpg 300w, https:\/\/prefeitura.santarosa.rs.gov.br\/wp-content\/uploads\/2025\/03\/Formato-Site-e-Portal-860X645-JPG-2025-03-12T080343.783-768x576.jpg 768w\" sizes=\"(max-width: 860px) 100vw, 860px\" \/><\/figure>\n\n\n<\/div>\n\n\n\n<p>A Prefeitura de Santa Rosa, por meio da Secretaria de Educa\u00e7\u00e3o e Cultura, informa que est\u00e3o abertas as inscri\u00e7\u00f5es para o Festival Santa Rosa em Dan\u00e7a &#8211; 13\u00aa edi\u00e7\u00e3o. O evento vai acontecer entre os dias 27 e 29 de mar\u00e7o, no Centro C\u00edvico Cultural Ant\u00f4nio Carlos Borges. O objetivo \u00e9 valorizar a arte, al\u00e9m de promover a integra\u00e7\u00e3o e a troca de experi\u00eancias entre os artistas de dan\u00e7a. A edi\u00e7\u00e3o deste ano ser\u00e1 disputada nas seguintes modalidades: dan\u00e7a de rua, contempor\u00e2nea, folcl\u00f3rica, jazz, estilo livre, dan\u00e7a de sal\u00e3o, dan\u00e7a cl\u00e1ssica, trio, duo e solo.<\/p>\n\n\n\n<p>As inscri\u00e7\u00f5es est\u00e3o abertas a partir desta ter\u00e7a-feira (04) e v\u00e3o at\u00e9 o dia 23 de mar\u00e7o. Importante destacar que n\u00e3o haver\u00e1 cobran\u00e7a de taxas de inscri\u00e7\u00e3o e n\u00e3o h\u00e1 limite de integrantes por coreografia. O Diretor de Cultura Daniel Chitolina Oliveira, destacou a a\u00e7\u00e3o, \u201cO Festival Santa Rosa em Dan\u00e7a \u00e9 uma oportunidade \u00fanica para os artistas locais e regionais mostrarem seu talento e ampliarem suas viv\u00eancias no universo da dan\u00e7a. Queremos fortalecer nossa cultura, criando um espa\u00e7o de encontro e aprendizado entre os participantes\u201d.<\/p>\n\n\n\n<p>Os grupos de dan\u00e7a e bailarinos que desejam participar devem enviar as fichas de inscri\u00e7\u00e3o para o e-mail: santarosaemdanca@santarosa.rs.gov.br, conforme as orienta\u00e7\u00f5es presentes no regulamento. A ficha de inscri\u00e7\u00e3o e o regulamento completo (retificados) est\u00e3o dispon\u00edveis nos anexos abaixo.<\/p>\n\n\n\n<div data-wp-interactive=\"core\/file\" class=\"wp-block-file\"><object data-wp-bind--hidden=\"!state.hasPdfPreview\" hidden class=\"wp-block-file__embed\" data=\"https:\/\/prefeitura.santarosa.rs.gov.br\/wp-content\/uploads\/2025\/03\/13-FESTIVAL-STA-ROSA-REGULAMENTO-III-retificado-2.pdf\" type=\"application\/pdf\" style=\"width:100%;height:600px\" aria-label=\"Incorporado de 13 FESTIVAL STA ROSA - REGULAMENTO III retificado (2).\"><\/object><a id=\"wp-block-file--media-3bce95c0-689f-49fe-9d53-4238cee8afb7\" href=\"https:\/\/prefeitura.santarosa.rs.gov.br\/wp-content\/uploads\/2025\/03\/13-FESTIVAL-STA-ROSA-REGULAMENTO-III-retificado-2.pdf\">13 FESTIVAL STA ROSA &#8211; REGULAMENTO III retificado (2)<\/a><a href=\"https:\/\/prefeitura.santarosa.rs.gov.br\/wp-content\/uploads\/2025\/03\/13-FESTIVAL-STA-ROSA-REGULAMENTO-III-retificado-2.pdf\" class=\"wp-block-file__button wp-element-button\" download aria-describedby=\"wp-block-file--media-3bce95c0-689f-49fe-9d53-4238cee8afb7\">Baixar<\/a><\/div>\n\n\n\n<div data-wp-interactive=\"core\/file\" class=\"wp-block-file\"><object data-wp-bind--hidden=\"!state.hasPdfPreview\" hidden class=\"wp-block-file__embed\" data=\"https:\/\/prefeitura.santarosa.rs.gov.br\/wp-content\/uploads\/2025\/03\/FICHA-DE-INSCRICAO-13o-SANTA-ROSA-EM-DANCA-II-retificado.pdf\" type=\"application\/pdf\" style=\"width:100%;height:600px\" aria-label=\"Incorporado de FICHA DE INSCRI\u00c7\u00c3O 13\u00ba SANTA ROSA EM DAN\u00c7A II retificado.\"><\/object><a id=\"wp-block-file--media-5b0a5b38-ad01-4790-8aa5-293a905696da\" href=\"https:\/\/prefeitura.santarosa.rs.gov.br\/wp-content\/uploads\/2025\/03\/FICHA-DE-INSCRICAO-13o-SANTA-ROSA-EM-DANCA-II-retificado.pdf\">FICHA DE INSCRI\u00c7\u00c3O 13\u00ba SANTA ROSA EM DAN\u00c7A II retificado<\/a><a href=\"https:\/\/prefeitura.santarosa.rs.gov.br\/wp-content\/uploads\/2025\/03\/FICHA-DE-INSCRICAO-13o-SANTA-ROSA-EM-DANCA-II-retificado.pdf\" class=\"wp-block-file__button wp-element-button\" download aria-describedby=\"wp-block-file--media-5b0a5b38-ad01-4790-8aa5-293a905696da\">Baixar<\/a><\/div>\n","protected":false},"excerpt":{"rendered":"<p>A Prefeitura de Santa Rosa, por meio da Secretaria de Educa\u00e7\u00e3o e Cultura, informa que est\u00e3o abertas as inscri\u00e7\u00f5es para<\/p>\n","protected":false},"author":6,"featured_media":13143,"comment_status":"closed","ping_status":"open","sticky":false,"template":"","format":"standard","meta":{"footnotes":""},"categories":[4,18],"tags":[],"class_list":["post-13051","post","type-post","status-publish","format-standard","has-post-thumbnail","hentry","category-noticias","category-secretaria-municipal-de-educacao-e-cultura"],"aioseo_notices":[],"_links":{"self":[{"href":"https:\/\/prefeitura.santarosa.rs.gov.br\/index.php?rest_route=\/wp\/v2\/posts\/13051","targetHints":{"allow":["GET"]}}],"collection":[{"href":"https:\/\/prefeitura.santarosa.rs.gov.br\/index.php?rest_route=\/wp\/v2\/posts"}],"about":[{"href":"https:\/\/prefeitura.santarosa.rs.gov.br\/index.php?rest_route=\/wp\/v2\/types\/post"}],"author":[{"embeddable":true,"href":"https:\/\/prefeitura.santarosa.rs.gov.br\/index.php?rest_route=\/wp\/v2\/users\/6"}],"replies":[{"embeddable":true,"href":"https:\/\/prefeitura.santarosa.rs.gov.br\/index.php?rest_route=%2Fwp%2Fv2%2Fcomments&post=13051"}],"version-history":[{"count":8,"href":"https:\/\/prefeitura.santarosa.rs.gov.br\/index.php?rest_route=\/wp\/v2\/posts\/13051\/revisions"}],"predecessor-version":[{"id":13223,"href":"https:\/\/prefeitura.santarosa.rs.gov.br\/index.php?rest_route=\/wp\/v2\/posts\/13051\/revisions\/13223"}],"wp:featuredmedia":[{"embeddable":true,"href":"https:\/\/prefeitura.santarosa.rs.gov.br\/index.php?rest_route=\/wp\/v2\/media\/13143"}],"wp:attachment":[{"href":"https:\/\/prefeitura.santarosa.rs.gov.br\/index.php?rest_route=%2Fwp%2Fv2%2Fmedia&parent=13051"}],"wp:term":[{"taxonomy":"category","embeddable":true,"href":"https:\/\/prefeitura.santarosa.rs.gov.br\/index.php?rest_route=%2Fwp%2Fv2%2Fcategories&post=13051"},{"taxonomy":"post_tag","embeddable":true,"href":"https:\/\/prefeitura.santarosa.rs.gov.br\/index.php?rest_route=%2Fwp%2Fv2%2Ftags&post=13051"}],"curies":[{"name":"wp","href":"https:\/\/api.w.org\/{rel}","templated":true}]}}