{"id":13046,"date":"2025-03-04T08:45:36","date_gmt":"2025-03-04T11:45:36","guid":{"rendered":"https:\/\/prefeitura.santarosa.rs.gov.br\/?p=13046"},"modified":"2025-03-04T08:45:37","modified_gmt":"2025-03-04T11:45:37","slug":"avanca-a-obra-de-pavimentacao-asfaltica-na-rua-sao-jose","status":"publish","type":"post","link":"https:\/\/prefeitura.santarosa.rs.gov.br\/?p=13046","title":{"rendered":"Avan\u00e7a a obra de pavimenta\u00e7\u00e3o asf\u00e1ltica na Rua S\u00e3o Jos\u00e9"},"content":{"rendered":"\n<figure class=\"wp-block-image size-full\"><img fetchpriority=\"high\" decoding=\"async\" width=\"860\" height=\"645\" src=\"https:\/\/prefeitura.santarosa.rs.gov.br\/wp-content\/uploads\/2025\/03\/Formato-Site-e-Portal-860X645-JPG-2025-03-04T084317.691.jpg\" alt=\"\" class=\"wp-image-13047\" srcset=\"https:\/\/prefeitura.santarosa.rs.gov.br\/wp-content\/uploads\/2025\/03\/Formato-Site-e-Portal-860X645-JPG-2025-03-04T084317.691.jpg 860w, https:\/\/prefeitura.santarosa.rs.gov.br\/wp-content\/uploads\/2025\/03\/Formato-Site-e-Portal-860X645-JPG-2025-03-04T084317.691-300x225.jpg 300w, https:\/\/prefeitura.santarosa.rs.gov.br\/wp-content\/uploads\/2025\/03\/Formato-Site-e-Portal-860X645-JPG-2025-03-04T084317.691-768x576.jpg 768w\" sizes=\"(max-width: 860px) 100vw, 860px\" \/><\/figure>\n\n\n\n<p>A Prefeitura de Santa Rosa tem investido em melhorias para a infraestrutura urbana do munic\u00edpio. Entre as dezenas de obras em execu\u00e7\u00e3o est\u00e1 a pavimenta\u00e7\u00e3o asf\u00e1ltica da Rua S\u00e3o Jos\u00e9. Mais de 75% do projeto j\u00e1 foi conclu\u00eddo. O trecho, que possui 1.059 metros lineares de extens\u00e3o e abrange uma \u00e1rea de 15.259,89 metros quadrados, \u00e9 uma das principais vias do bairro Central.<\/p>\n\n\n\n<p>O trabalho \u00e9 realizado entre a Avenida Expedicion\u00e1rio Weber e o Lajeado Pessegueirinho, com um investimento superior a R$ 4,2 milh\u00f5es. A obra contempla diversos servi\u00e7os essenciais, como a execu\u00e7\u00e3o de sarjetas em concreto, drenagem pluvial, base e sub-base, pavimenta\u00e7\u00e3o asf\u00e1ltica, passeio p\u00fablico, rampas de acessibilidade, nivelamento de tampas da Aegea\/Corsan e bueiros, al\u00e9m da sinaliza\u00e7\u00e3o horizontal e vertical. O vice-prefeito Aldemir Ulrich destacou a import\u00e2ncia dessa melhoria para a regi\u00e3o do bairro Central, &#8220;A pavimenta\u00e7\u00e3o da Rua S\u00e3o Jos\u00e9 \u00e9 mais uma demanda da popula\u00e7\u00e3o que est\u00e1 sendo atendida. Essa via, que possui grande fluxo de ve\u00edculos, agora vai ter mais infraestrutura e proporcionar mais seguran\u00e7a para quem transita pelo local\u201d.<\/p>\n\n\n\n<p>A obra est\u00e1 em fase de conclus\u00e3o, e em breve ser\u00e3o iniciados os trabalhos de sinaliza\u00e7\u00e3o, constru\u00e7\u00e3o de passeios, rampas de acessibilidade e nivelamento das tampas e bueiros. A previs\u00e3o \u00e9 de que o projeto seja finalizado em breve.<\/p>\n","protected":false},"excerpt":{"rendered":"<p>A Prefeitura de Santa Rosa tem investido em melhorias para a infraestrutura urbana do munic\u00edpio. Entre as dezenas de obras<\/p>\n","protected":false},"author":6,"featured_media":13048,"comment_status":"closed","ping_status":"open","sticky":false,"template":"","format":"standard","meta":{"footnotes":""},"categories":[4,22],"tags":[],"class_list":["post-13046","post","type-post","status-publish","format-standard","has-post-thumbnail","hentry","category-noticias","category-secretaria-municipal-de-planejamento-e-habitacao"],"aioseo_notices":[],"_links":{"self":[{"href":"https:\/\/prefeitura.santarosa.rs.gov.br\/index.php?rest_route=\/wp\/v2\/posts\/13046","targetHints":{"allow":["GET"]}}],"collection":[{"href":"https:\/\/prefeitura.santarosa.rs.gov.br\/index.php?rest_route=\/wp\/v2\/posts"}],"about":[{"href":"https:\/\/prefeitura.santarosa.rs.gov.br\/index.php?rest_route=\/wp\/v2\/types\/post"}],"author":[{"embeddable":true,"href":"https:\/\/prefeitura.santarosa.rs.gov.br\/index.php?rest_route=\/wp\/v2\/users\/6"}],"replies":[{"embeddable":true,"href":"https:\/\/prefeitura.santarosa.rs.gov.br\/index.php?rest_route=%2Fwp%2Fv2%2Fcomments&post=13046"}],"version-history":[{"count":1,"href":"https:\/\/prefeitura.santarosa.rs.gov.br\/index.php?rest_route=\/wp\/v2\/posts\/13046\/revisions"}],"predecessor-version":[{"id":13049,"href":"https:\/\/prefeitura.santarosa.rs.gov.br\/index.php?rest_route=\/wp\/v2\/posts\/13046\/revisions\/13049"}],"wp:featuredmedia":[{"embeddable":true,"href":"https:\/\/prefeitura.santarosa.rs.gov.br\/index.php?rest_route=\/wp\/v2\/media\/13048"}],"wp:attachment":[{"href":"https:\/\/prefeitura.santarosa.rs.gov.br\/index.php?rest_route=%2Fwp%2Fv2%2Fmedia&parent=13046"}],"wp:term":[{"taxonomy":"category","embeddable":true,"href":"https:\/\/prefeitura.santarosa.rs.gov.br\/index.php?rest_route=%2Fwp%2Fv2%2Fcategories&post=13046"},{"taxonomy":"post_tag","embeddable":true,"href":"https:\/\/prefeitura.santarosa.rs.gov.br\/index.php?rest_route=%2Fwp%2Fv2%2Ftags&post=13046"}],"curies":[{"name":"wp","href":"https:\/\/api.w.org\/{rel}","templated":true}]}}