{"id":13037,"date":"2025-03-03T10:34:23","date_gmt":"2025-03-03T13:34:23","guid":{"rendered":"https:\/\/prefeitura.santarosa.rs.gov.br\/?p=13037"},"modified":"2025-03-03T10:34:24","modified_gmt":"2025-03-03T13:34:24","slug":"chamamento-publico-para-procedimento-de-manifestacao-de-interesse","status":"publish","type":"post","link":"https:\/\/prefeitura.santarosa.rs.gov.br\/?p=13037","title":{"rendered":"Chamamento P\u00fablico para Procedimento de Manifesta\u00e7\u00e3o de Interesse"},"content":{"rendered":"\n<figure class=\"wp-block-image size-full\"><img fetchpriority=\"high\" decoding=\"async\" width=\"860\" height=\"645\" src=\"https:\/\/prefeitura.santarosa.rs.gov.br\/wp-content\/uploads\/2025\/03\/Formato-Site-e-Portal-860X645-JPG-2025-03-03T103335.693.jpg\" alt=\"\" class=\"wp-image-13038\" srcset=\"https:\/\/prefeitura.santarosa.rs.gov.br\/wp-content\/uploads\/2025\/03\/Formato-Site-e-Portal-860X645-JPG-2025-03-03T103335.693.jpg 860w, https:\/\/prefeitura.santarosa.rs.gov.br\/wp-content\/uploads\/2025\/03\/Formato-Site-e-Portal-860X645-JPG-2025-03-03T103335.693-300x225.jpg 300w, https:\/\/prefeitura.santarosa.rs.gov.br\/wp-content\/uploads\/2025\/03\/Formato-Site-e-Portal-860X645-JPG-2025-03-03T103335.693-768x576.jpg 768w\" sizes=\"(max-width: 860px) 100vw, 860px\" \/><\/figure>\n\n\n\n<p>A Prefeitura de Santa Rosa torna p\u00fablico para conhecimento dos interessados, que procede o Chamamento P\u00fablico para Procedimento de Manifesta\u00e7\u00e3o de Interesse \u2013 PMI n\u00ba 01\/2025.<\/p>\n\n\n\n<p>Objeto: Obten\u00e7\u00e3o de estudos, levantamentos, projetos e solu\u00e7\u00e3o em automa\u00e7\u00e3o de processos \u2013 (Robotic Process Automation \u2013 RPA), com objetivo de otimizar a efici\u00eancia, garantir conformidade e reduzir erros, conforme regras pr\u00e9-estabelecidas e\/ou definidas pelo Munic\u00edpio.<\/p>\n\n\n\n<p>Data e hora limite para envio de solicita\u00e7\u00e3o de autoriza\u00e7\u00e3o: 23h59min do dia 06\/03\/2025.<\/p>\n\n\n\n<p>Confere o edital abaixo:<\/p>\n\n\n\n<div data-wp-interactive=\"core\/file\" class=\"wp-block-file\"><object data-wp-bind--hidden=\"!state.hasPdfPreview\" hidden class=\"wp-block-file__embed\" data=\"https:\/\/prefeitura.santarosa.rs.gov.br\/wp-content\/uploads\/2025\/03\/EDITAL-PMI.-01.2025.-RPA.pdf\" type=\"application\/pdf\" style=\"width:100%;height:600px\" aria-label=\"Incorporado de EDITAL - PMI. 01.2025. RPA.\"><\/object><a id=\"wp-block-file--media-2b59d483-dfdd-4df4-8211-c8bea1c66e7f\" href=\"https:\/\/prefeitura.santarosa.rs.gov.br\/wp-content\/uploads\/2025\/03\/EDITAL-PMI.-01.2025.-RPA.pdf\">EDITAL &#8211; PMI. 01.2025. RPA<\/a><a href=\"https:\/\/prefeitura.santarosa.rs.gov.br\/wp-content\/uploads\/2025\/03\/EDITAL-PMI.-01.2025.-RPA.pdf\" class=\"wp-block-file__button wp-element-button\" download aria-describedby=\"wp-block-file--media-2b59d483-dfdd-4df4-8211-c8bea1c66e7f\">Baixar<\/a><\/div>\n\n\n\n<p><\/p>\n\n\n\n<p><\/p>\n","protected":false},"excerpt":{"rendered":"<p>A Prefeitura de Santa Rosa torna p\u00fablico para conhecimento dos interessados, que procede o Chamamento P\u00fablico para Procedimento de Manifesta\u00e7\u00e3o<\/p>\n","protected":false},"author":6,"featured_media":13040,"comment_status":"closed","ping_status":"open","sticky":false,"template":"","format":"standard","meta":{"footnotes":""},"categories":[4,23],"tags":[],"class_list":["post-13037","post","type-post","status-publish","format-standard","has-post-thumbnail","hentry","category-noticias","category-secretaria-municipal-governanca-gestao"],"aioseo_notices":[],"_links":{"self":[{"href":"https:\/\/prefeitura.santarosa.rs.gov.br\/index.php?rest_route=\/wp\/v2\/posts\/13037","targetHints":{"allow":["GET"]}}],"collection":[{"href":"https:\/\/prefeitura.santarosa.rs.gov.br\/index.php?rest_route=\/wp\/v2\/posts"}],"about":[{"href":"https:\/\/prefeitura.santarosa.rs.gov.br\/index.php?rest_route=\/wp\/v2\/types\/post"}],"author":[{"embeddable":true,"href":"https:\/\/prefeitura.santarosa.rs.gov.br\/index.php?rest_route=\/wp\/v2\/users\/6"}],"replies":[{"embeddable":true,"href":"https:\/\/prefeitura.santarosa.rs.gov.br\/index.php?rest_route=%2Fwp%2Fv2%2Fcomments&post=13037"}],"version-history":[{"count":1,"href":"https:\/\/prefeitura.santarosa.rs.gov.br\/index.php?rest_route=\/wp\/v2\/posts\/13037\/revisions"}],"predecessor-version":[{"id":13041,"href":"https:\/\/prefeitura.santarosa.rs.gov.br\/index.php?rest_route=\/wp\/v2\/posts\/13037\/revisions\/13041"}],"wp:featuredmedia":[{"embeddable":true,"href":"https:\/\/prefeitura.santarosa.rs.gov.br\/index.php?rest_route=\/wp\/v2\/media\/13040"}],"wp:attachment":[{"href":"https:\/\/prefeitura.santarosa.rs.gov.br\/index.php?rest_route=%2Fwp%2Fv2%2Fmedia&parent=13037"}],"wp:term":[{"taxonomy":"category","embeddable":true,"href":"https:\/\/prefeitura.santarosa.rs.gov.br\/index.php?rest_route=%2Fwp%2Fv2%2Fcategories&post=13037"},{"taxonomy":"post_tag","embeddable":true,"href":"https:\/\/prefeitura.santarosa.rs.gov.br\/index.php?rest_route=%2Fwp%2Fv2%2Ftags&post=13037"}],"curies":[{"name":"wp","href":"https:\/\/api.w.org\/{rel}","templated":true}]}}