{"id":13030,"date":"2025-02-28T16:40:59","date_gmt":"2025-02-28T19:40:59","guid":{"rendered":"https:\/\/prefeitura.santarosa.rs.gov.br\/?p=13030"},"modified":"2025-03-03T10:06:59","modified_gmt":"2025-03-03T13:06:59","slug":"programacao-do-mes-da-mulher-inicia-na-proxima-semana","status":"publish","type":"post","link":"https:\/\/prefeitura.santarosa.rs.gov.br\/?p=13030","title":{"rendered":"Programa\u00e7\u00e3o do M\u00eas da Mulher inicia na pr\u00f3xima semana"},"content":{"rendered":"\n<figure class=\"wp-block-image size-full\"><img fetchpriority=\"high\" decoding=\"async\" width=\"860\" height=\"645\" src=\"https:\/\/prefeitura.santarosa.rs.gov.br\/wp-content\/uploads\/2025\/02\/Formato-Site-e-Portal-860X645-JPG-2025-02-28T140255.903.jpg\" alt=\"\" class=\"wp-image-13031\" srcset=\"https:\/\/prefeitura.santarosa.rs.gov.br\/wp-content\/uploads\/2025\/02\/Formato-Site-e-Portal-860X645-JPG-2025-02-28T140255.903.jpg 860w, https:\/\/prefeitura.santarosa.rs.gov.br\/wp-content\/uploads\/2025\/02\/Formato-Site-e-Portal-860X645-JPG-2025-02-28T140255.903-300x225.jpg 300w, https:\/\/prefeitura.santarosa.rs.gov.br\/wp-content\/uploads\/2025\/02\/Formato-Site-e-Portal-860X645-JPG-2025-02-28T140255.903-768x576.jpg 768w\" sizes=\"(max-width: 860px) 100vw, 860px\" \/><\/figure>\n\n\n\n<p>A Prefeitura de Santa Rosa por meio da Secretaria de Desenvolvimento Social e da Assessoria de Pol\u00edticas para as Mulheres, vai realizar durante o m\u00eas de mar\u00e7o, diversas atividades em comemora\u00e7\u00e3o ao m\u00eas da mulher. A programa\u00e7\u00e3o inicia na pr\u00f3xima semana e seguir\u00e1 at\u00e9 o dia 30\/03. Est\u00e3o previstas a\u00e7\u00f5es como: palestras, oficinas, cultos, rodas de conversa e a 1\u00aa edi\u00e7\u00e3o do \u201cEntardecer com Elas no Parque\u201d.<\/p>\n\n\n\n<p>A programa\u00e7\u00e3o foi elaborada pela equipe da Assessoria de Pol\u00edticas P\u00fablicas para as Mulheres, em parceria com outras secretarias e institui\u00e7\u00f5es. O objetivo \u00e9 fortalecer a uni\u00e3o feminina e os direitos das mulheres. A Assessora de Pol\u00edticas para as Mulheres, Maria Sirlei Perassolo, destaca a import\u00e2ncia da participa\u00e7\u00e3o nas atividades, \u201cPreparamos uma programa\u00e7\u00e3o diversa, com o intuito de divulgar para as mulheres de Santa Rosa, atra\u00e7\u00f5es culturais, momentos de reflex\u00e3o, empoderamento e conv\u00edvio social. Fica nosso convite para que todas acompanhem as atividades e celebrem esse momento t\u00e3o especial\u201d.<\/p>\n\n\n\n<p>Confira em anexo, a programa\u00e7\u00e3o completa do M\u00eas da Mulher 2025.<\/p>\n\n\n\n<div data-wp-interactive=\"core\/file\" class=\"wp-block-file\"><object data-wp-bind--hidden=\"!state.hasPdfPreview\" hidden class=\"wp-block-file__embed\" data=\"https:\/\/prefeitura.santarosa.rs.gov.br\/wp-content\/uploads\/2025\/02\/PROGRAMACAO-MES-DA-MULHER-2025-1.pdf\" type=\"application\/pdf\" style=\"width:100%;height:600px\" aria-label=\"Incorporado de PROGRAMA\u00c7\u00c3O M\u00caS DA MULHER 2025.\"><\/object><a id=\"wp-block-file--media-a06a5c70-0fb3-4c81-990a-fc16d03fbe4d\" href=\"https:\/\/prefeitura.santarosa.rs.gov.br\/wp-content\/uploads\/2025\/02\/PROGRAMACAO-MES-DA-MULHER-2025-1.pdf\">PROGRAMA\u00c7\u00c3O M\u00caS DA MULHER 2025<\/a><a href=\"https:\/\/prefeitura.santarosa.rs.gov.br\/wp-content\/uploads\/2025\/02\/PROGRAMACAO-MES-DA-MULHER-2025-1.pdf\" class=\"wp-block-file__button wp-element-button\" download aria-describedby=\"wp-block-file--media-a06a5c70-0fb3-4c81-990a-fc16d03fbe4d\">Baixar<\/a><\/div>\n","protected":false},"excerpt":{"rendered":"<p>A Prefeitura de Santa Rosa por meio da Secretaria de Desenvolvimento Social e da Assessoria de Pol\u00edticas para as Mulheres,<\/p>\n","protected":false},"author":6,"featured_media":13033,"comment_status":"closed","ping_status":"open","sticky":false,"template":"","format":"standard","meta":{"footnotes":""},"categories":[4,17],"tags":[],"class_list":["post-13030","post","type-post","status-publish","format-standard","has-post-thumbnail","hentry","category-noticias","category-secretaria-municipal-de-desenvolvimento-social"],"aioseo_notices":[],"_links":{"self":[{"href":"https:\/\/prefeitura.santarosa.rs.gov.br\/index.php?rest_route=\/wp\/v2\/posts\/13030","targetHints":{"allow":["GET"]}}],"collection":[{"href":"https:\/\/prefeitura.santarosa.rs.gov.br\/index.php?rest_route=\/wp\/v2\/posts"}],"about":[{"href":"https:\/\/prefeitura.santarosa.rs.gov.br\/index.php?rest_route=\/wp\/v2\/types\/post"}],"author":[{"embeddable":true,"href":"https:\/\/prefeitura.santarosa.rs.gov.br\/index.php?rest_route=\/wp\/v2\/users\/6"}],"replies":[{"embeddable":true,"href":"https:\/\/prefeitura.santarosa.rs.gov.br\/index.php?rest_route=%2Fwp%2Fv2%2Fcomments&post=13030"}],"version-history":[{"count":2,"href":"https:\/\/prefeitura.santarosa.rs.gov.br\/index.php?rest_route=\/wp\/v2\/posts\/13030\/revisions"}],"predecessor-version":[{"id":13036,"href":"https:\/\/prefeitura.santarosa.rs.gov.br\/index.php?rest_route=\/wp\/v2\/posts\/13030\/revisions\/13036"}],"wp:featuredmedia":[{"embeddable":true,"href":"https:\/\/prefeitura.santarosa.rs.gov.br\/index.php?rest_route=\/wp\/v2\/media\/13033"}],"wp:attachment":[{"href":"https:\/\/prefeitura.santarosa.rs.gov.br\/index.php?rest_route=%2Fwp%2Fv2%2Fmedia&parent=13030"}],"wp:term":[{"taxonomy":"category","embeddable":true,"href":"https:\/\/prefeitura.santarosa.rs.gov.br\/index.php?rest_route=%2Fwp%2Fv2%2Fcategories&post=13030"},{"taxonomy":"post_tag","embeddable":true,"href":"https:\/\/prefeitura.santarosa.rs.gov.br\/index.php?rest_route=%2Fwp%2Fv2%2Ftags&post=13030"}],"curies":[{"name":"wp","href":"https:\/\/api.w.org\/{rel}","templated":true}]}}