{"id":13026,"date":"2025-02-28T16:36:54","date_gmt":"2025-02-28T19:36:54","guid":{"rendered":"https:\/\/prefeitura.santarosa.rs.gov.br\/?p=13026"},"modified":"2025-02-28T16:36:54","modified_gmt":"2025-02-28T19:36:54","slug":"conselho-municipal-de-assistencia-social-realiza-monitoramento-dos-servicos-de-assistencia-social-de-santa-rosa","status":"publish","type":"post","link":"https:\/\/prefeitura.santarosa.rs.gov.br\/?p=13026","title":{"rendered":"Conselho Municipal de Assist\u00eancia Social realiza monitoramento dos Servi\u00e7os de Assist\u00eancia Social de Santa Rosa"},"content":{"rendered":"\n<figure class=\"wp-block-image size-full\"><img fetchpriority=\"high\" decoding=\"async\" width=\"860\" height=\"645\" src=\"https:\/\/prefeitura.santarosa.rs.gov.br\/wp-content\/uploads\/2025\/02\/Formato-Site-e-Portal-860X645-JPG-2025-02-28T140154.625.jpg\" alt=\"\" class=\"wp-image-13027\" srcset=\"https:\/\/prefeitura.santarosa.rs.gov.br\/wp-content\/uploads\/2025\/02\/Formato-Site-e-Portal-860X645-JPG-2025-02-28T140154.625.jpg 860w, https:\/\/prefeitura.santarosa.rs.gov.br\/wp-content\/uploads\/2025\/02\/Formato-Site-e-Portal-860X645-JPG-2025-02-28T140154.625-300x225.jpg 300w, https:\/\/prefeitura.santarosa.rs.gov.br\/wp-content\/uploads\/2025\/02\/Formato-Site-e-Portal-860X645-JPG-2025-02-28T140154.625-768x576.jpg 768w\" sizes=\"(max-width: 860px) 100vw, 860px\" \/><\/figure>\n\n\n\n<p>Nesta quinta-feira (27), iniciou em Santa Rosa, o cronograma de visitas de monitoramento aos setores p\u00fablicos e entidades socioassistenciais do munic\u00edpio, realizado pela equipe do Conselho Municipal de Assist\u00eancia Social (CMAS). O objetivo da a\u00e7\u00e3o \u00e9 fortalecer o compromisso com a garantia dos direitos da popula\u00e7\u00e3o e assegurar a qualidade dos servi\u00e7os prestados nas \u00e1reas da Assist\u00eancia Social.<\/p>\n\n\n\n<p>O CRAS Aldi Pedro Brand\u00e3o, o CRAS V\u00f3 Maria Pedrazza, e o CREAS, foram os primeiros lugares visitados. Estes espa\u00e7os s\u00e3o essenciais para a oferta de servi\u00e7os, programas e projetos que auxiliam a popula\u00e7\u00e3o em situa\u00e7\u00e3o de vulnerabilidade. A presidente do CMAS, Deolmira Girardi, enfatizou que as visitas de monitoramento v\u00e3o se estender ao longo do ano, com o prop\u00f3sito de acompanhar de perto a execu\u00e7\u00e3o dos servi\u00e7os, \u201cNosso prop\u00f3sito \u00e9 garantir que os benef\u00edcios ofertados aos usu\u00e1rios do Sistema \u00danico de Assist\u00eancia Social (SUAS), estejam alinhados com as necessidades da comunidade\u201d.<\/p>\n\n\n\n<p>O Conselho Municipal de Assist\u00eancia Social faz parte da Secretaria de Desenvolvimento Social e \u00e9 respons\u00e1vel por acompanhar e fiscalizar os servi\u00e7os, projetos e programas no munic\u00edpio. A Secret\u00e1ria de Desenvolvimento Social, Rita Strasser, refor\u00e7ou a import\u00e2ncia da atua\u00e7\u00e3o do CMAS para o fortalecimento da pol\u00edtica p\u00fablica de Assist\u00eancia Social em Santa Rosa, \u201cO monitoramento \u00e9 um passo importante para garantir que nossos servi\u00e7os atendam de maneira eficaz \u00e0s necessidades da popula\u00e7\u00e3o. A parceria entre a Secretaria de Desenvolvimento Social, o CMAS e as entidades socioassistenciais, \u00e9 essencial para que possamos promover um atendimento de qualidade e garantir os direitos sociais de todos os cidad\u00e3os\u201d.<\/p>\n\n\n\n<p>O cronograma de visitas \u00e9 mensal e engloba todas as entidades socioassistenciais do munic\u00edpio.<\/p>\n","protected":false},"excerpt":{"rendered":"<p>Nesta quinta-feira (27), iniciou em Santa Rosa, o cronograma de visitas de monitoramento aos setores p\u00fablicos e entidades socioassistenciais do<\/p>\n","protected":false},"author":6,"featured_media":13028,"comment_status":"closed","ping_status":"open","sticky":false,"template":"","format":"standard","meta":{"footnotes":""},"categories":[4,17],"tags":[],"class_list":["post-13026","post","type-post","status-publish","format-standard","has-post-thumbnail","hentry","category-noticias","category-secretaria-municipal-de-desenvolvimento-social"],"aioseo_notices":[],"_links":{"self":[{"href":"https:\/\/prefeitura.santarosa.rs.gov.br\/index.php?rest_route=\/wp\/v2\/posts\/13026","targetHints":{"allow":["GET"]}}],"collection":[{"href":"https:\/\/prefeitura.santarosa.rs.gov.br\/index.php?rest_route=\/wp\/v2\/posts"}],"about":[{"href":"https:\/\/prefeitura.santarosa.rs.gov.br\/index.php?rest_route=\/wp\/v2\/types\/post"}],"author":[{"embeddable":true,"href":"https:\/\/prefeitura.santarosa.rs.gov.br\/index.php?rest_route=\/wp\/v2\/users\/6"}],"replies":[{"embeddable":true,"href":"https:\/\/prefeitura.santarosa.rs.gov.br\/index.php?rest_route=%2Fwp%2Fv2%2Fcomments&post=13026"}],"version-history":[{"count":1,"href":"https:\/\/prefeitura.santarosa.rs.gov.br\/index.php?rest_route=\/wp\/v2\/posts\/13026\/revisions"}],"predecessor-version":[{"id":13029,"href":"https:\/\/prefeitura.santarosa.rs.gov.br\/index.php?rest_route=\/wp\/v2\/posts\/13026\/revisions\/13029"}],"wp:featuredmedia":[{"embeddable":true,"href":"https:\/\/prefeitura.santarosa.rs.gov.br\/index.php?rest_route=\/wp\/v2\/media\/13028"}],"wp:attachment":[{"href":"https:\/\/prefeitura.santarosa.rs.gov.br\/index.php?rest_route=%2Fwp%2Fv2%2Fmedia&parent=13026"}],"wp:term":[{"taxonomy":"category","embeddable":true,"href":"https:\/\/prefeitura.santarosa.rs.gov.br\/index.php?rest_route=%2Fwp%2Fv2%2Fcategories&post=13026"},{"taxonomy":"post_tag","embeddable":true,"href":"https:\/\/prefeitura.santarosa.rs.gov.br\/index.php?rest_route=%2Fwp%2Fv2%2Ftags&post=13026"}],"curies":[{"name":"wp","href":"https:\/\/api.w.org\/{rel}","templated":true}]}}